{"id":15,"date":"2023-07-18T11:16:45","date_gmt":"2023-07-18T11:16:45","guid":{"rendered":"https:\/\/demo.afthemes.com\/covernews-pro\/?p=15"},"modified":"2024-03-07T12:59:21","modified_gmt":"2024-03-07T12:59:21","slug":"ceremonie-dinauguration-du-parc-des-expositions-dabidjan","status":"publish","type":"post","link":"https:\/\/immobilierivoirien.com\/index.php\/2023\/07\/18\/ceremonie-dinauguration-du-parc-des-expositions-dabidjan\/","title":{"rendered":"C\u00c9R\u00c9MONIE D&rsquo;INAUGURATION DU PARC DES EXPOSITIONS D&rsquo;ABIDJAN"},"content":{"rendered":"\n<figure class=\"wp-block-embed is-type-video is-provider-youtube wp-block-embed-youtube wp-embed-aspect-16-9 wp-has-aspect-ratio\"><div class=\"wp-block-embed__wrapper\">\n<iframe loading=\"lazy\" title=\"Ce\u0301re\u0301monie d\u2019inauguration du  Parc des Expositions d\u2019Abidjan\" width=\"640\" height=\"360\" src=\"https:\/\/www.youtube.com\/embed\/IljmU5O5HIU?feature=oembed\" frameborder=\"0\" allow=\"accelerometer; autoplay; clipboard-write; encrypted-media; gyroscope; picture-in-picture; web-share\" referrerpolicy=\"strict-origin-when-cross-origin\" allowfullscreen><\/iframe>\n<\/div><figcaption class=\"wp-element-caption\">C\u00e9r\u00e9monie d\u2019inauguration du Parc des Expositions d\u2019Abidjan<\/figcaption><\/figure>\n\n\n\n<p>Le projet de construction de ce joyau architectural, qui est n\u00e9 de la volont\u00e9 et <a><\/a>du r\u00eave du Pr\u00e9sident F\u00e9lix Houphou\u00ebt-Boigny en 1985, vient accro\u00eetre le patrimoine de l\u2019Etat, en mati\u00e8re d\u2019espaces culturels et commerciaux. Et, sa r\u00e9alisation, aujourd\u2019hui, est l&rsquo;\u0153uvre du Pr\u00e9sident de la R\u00e9publique, SEM Alassane Ouattara.<\/p>\n\n\n\n<p>D\u2019une capacit\u00e9 d\u2019accueil de pr\u00e8s de 12 000 places, le Parc des expositions s\u2019inscrit dans l\u2019ambition du Chef de l\u2019Etat de doter le pays d\u2019infrastructures modernes afin de faire d\u2019Abidjan une place incontournable dans l\u2019organisation d\u2019\u00e9v\u00e8nements de grande envergure.<\/p>\n\n\n\n<p>Situ\u00e9 \u00e0 proximit\u00e9 de l&rsquo;a\u00e9roport international F\u00e9lix Houphou\u00ebt-Boigny, le Parc des Expositions d&rsquo;Abidjan est un complexe ultra moderne (\u00e0 usage polyvalent) . Il poss\u00e8de des gradins r\u00e9tractables permettant d&rsquo;accueillir des conf\u00e9rences internationales (jusqu&rsquo;\u00e0 5 000 personnes assises et 10 000 personnes debout), des salons (agriculture, automobile, jeunesse, tourisme&#8230;), des expositions commerciales, des concerts, des f\u00eates, des banquets, des manifestations politiques et des c\u00e9r\u00e9monies de toutes sortes<a href=\"https:\/\/immobilierivoirien.com\/index.php\/2024\/02\/11\/pourquoi-investir-dans-limmobilier-en-cote-divoire\/\">.<\/a><\/p>\n\n\n\n<figure class=\"wp-block-image size-large\"><a href=\"https:\/\/afthemes.com\/products\/chromenews-pro\/\" target=\"_blank\" rel=\"noreferrer noopener\"><img loading=\"lazy\" decoding=\"async\" width=\"1024\" height=\"109\" src=\"https:\/\/demos.afthemes.com\/chromenews\/wp-content\/uploads\/2022\/09\/content-yellow-1024x109.png\" alt=\"\" class=\"wp-image-1108\" srcset=\"https:\/\/immobilierivoirien.com\/wp-content\/uploads\/2022\/09\/content-yellow-1024x109.png 1024w, https:\/\/immobilierivoirien.com\/wp-content\/uploads\/2022\/09\/content-yellow-300x32.png 300w, https:\/\/immobilierivoirien.com\/wp-content\/uploads\/2022\/09\/content-yellow-768x82.png 768w, https:\/\/immobilierivoirien.com\/wp-content\/uploads\/2022\/09\/content-yellow.png 1170w\" sizes=\"auto, (max-width: 1024px) 100vw, 1024px\" \/><\/a><\/figure>\n\n\n\n<h3 class=\"wp-block-heading\" id=\"tags-cloud\">Tags Cloud<\/h3>\n\n\n<p class=\"wp-block-tag-cloud\"><a href=\"https:\/\/immobilierivoirien.com\/index.php\/tag\/abidjan\/\" class=\"tag-cloud-link tag-link-47 tag-link-position-1\" style=\"font-size: 8pt;\" aria-label=\"Abidjan (1 \u00e9l\u00e9ment)\">Abidjan<\/a>\n<a href=\"https:\/\/immobilierivoirien.com\/index.php\/tag\/agence-fonciere-rurale\/\" class=\"tag-cloud-link tag-link-46 tag-link-position-2\" style=\"font-size: 8pt;\" aria-label=\"Agence Fonci\u00e8re Rurale (1 \u00e9l\u00e9ment)\">Agence Fonci\u00e8re Rurale<\/a>\n<a href=\"https:\/\/immobilierivoirien.com\/index.php\/tag\/agrement\/\" class=\"tag-cloud-link tag-link-12 tag-link-position-3\" style=\"font-size: 14.109090909091pt;\" aria-label=\"Agr\u00e9ment (5 \u00e9l\u00e9ments)\">Agr\u00e9ment<\/a>\n<a href=\"https:\/\/immobilierivoirien.com\/index.php\/tag\/agree\/\" class=\"tag-cloud-link tag-link-11 tag-link-position-4\" style=\"font-size: 8pt;\" aria-label=\"agr\u00e9\u00e9 (1 \u00e9l\u00e9ment)\">agr\u00e9\u00e9<\/a>\n<a href=\"https:\/\/immobilierivoirien.com\/index.php\/tag\/architectes\/\" class=\"tag-cloud-link tag-link-29 tag-link-position-5\" style=\"font-size: 11.818181818182pt;\" aria-label=\"architectes (3 \u00e9l\u00e9ments)\">architectes<\/a>\n<a href=\"https:\/\/immobilierivoirien.com\/index.php\/tag\/attestation-villageoise\/\" class=\"tag-cloud-link tag-link-37 tag-link-position-6\" style=\"font-size: 8pt;\" aria-label=\"Attestation villageoise (1 \u00e9l\u00e9ment)\">Attestation villageoise<\/a>\n<a href=\"https:\/\/immobilierivoirien.com\/index.php\/tag\/certificat-foncier\/\" class=\"tag-cloud-link tag-link-32 tag-link-position-7\" style=\"font-size: 8pt;\" aria-label=\"certificat foncier (1 \u00e9l\u00e9ment)\">certificat foncier<\/a>\n<a href=\"https:\/\/immobilierivoirien.com\/index.php\/tag\/cote-divoire\/\" class=\"tag-cloud-link tag-link-36 tag-link-position-8\" style=\"font-size: 21.745454545455pt;\" aria-label=\"C\u00f4te d&#039;Ivoire (23 \u00e9l\u00e9ments)\">C\u00f4te d&#039;Ivoire<\/a>\n<a href=\"https:\/\/immobilierivoirien.com\/index.php\/tag\/documents-fonciers\/\" class=\"tag-cloud-link tag-link-33 tag-link-position-9\" style=\"font-size: 20.472727272727pt;\" aria-label=\"documents fonciers (18 \u00e9l\u00e9ments)\">documents fonciers<\/a>\n<a href=\"https:\/\/immobilierivoirien.com\/index.php\/tag\/foncier\/\" class=\"tag-cloud-link tag-link-43 tag-link-position-10\" style=\"font-size: 10.290909090909pt;\" aria-label=\"foncier (2 \u00e9l\u00e9ments)\">foncier<\/a>\n<a href=\"https:\/\/immobilierivoirien.com\/index.php\/tag\/foncier-rural\/\" class=\"tag-cloud-link tag-link-44 tag-link-position-11\" style=\"font-size: 8pt;\" aria-label=\"foncier rural (1 \u00e9l\u00e9ment)\">foncier rural<\/a>\n<a href=\"https:\/\/immobilierivoirien.com\/index.php\/tag\/immobilier\/\" class=\"tag-cloud-link tag-link-10 tag-link-position-12\" style=\"font-size: 18.309090909091pt;\" aria-label=\"immobilier (12 \u00e9l\u00e9ments)\">immobilier<\/a>\n<a href=\"https:\/\/immobilierivoirien.com\/index.php\/tag\/immobilier_ivoirien\/\" class=\"tag-cloud-link tag-link-13 tag-link-position-13\" style=\"font-size: 22pt;\" aria-label=\"Immobilier Ivoirien (24 \u00e9l\u00e9ments)\">Immobilier Ivoirien<\/a>\n<a href=\"https:\/\/immobilierivoirien.com\/index.php\/tag\/lettre-dattribution\/\" class=\"tag-cloud-link tag-link-40 tag-link-position-14\" style=\"font-size: 8pt;\" aria-label=\"lettre d&#039;attribution (1 \u00e9l\u00e9ment)\">lettre d&#039;attribution<\/a>\n<a href=\"https:\/\/immobilierivoirien.com\/index.php\/tag\/agents-immobiliers-agrees\/\" class=\"tag-cloud-link tag-link-15 tag-link-position-15\" style=\"font-size: 8pt;\" aria-label=\"Liste des agents immobiliers agr\u00e9es (1 \u00e9l\u00e9ment)\">Liste des agents immobiliers agr\u00e9es<\/a>\n<a href=\"https:\/\/immobilierivoirien.com\/index.php\/tag\/liste-des-promoteurs-immobiliers-agrees\/\" class=\"tag-cloud-link tag-link-14 tag-link-position-16\" style=\"font-size: 8pt;\" aria-label=\"Liste des promoteurs immobiliers agr\u00e9es (1 \u00e9l\u00e9ment)\">Liste des promoteurs immobiliers agr\u00e9es<\/a>\n<a href=\"https:\/\/immobilierivoirien.com\/index.php\/tag\/liste-officielle\/\" class=\"tag-cloud-link tag-link-30 tag-link-position-17\" style=\"font-size: 11.818181818182pt;\" aria-label=\"liste officielle (3 \u00e9l\u00e9ments)\">liste officielle<\/a>\n<a href=\"https:\/\/immobilierivoirien.com\/index.php\/tag\/litiges-fonciers\/\" class=\"tag-cloud-link tag-link-48 tag-link-position-18\" style=\"font-size: 8pt;\" aria-label=\"Litiges fonciers (1 \u00e9l\u00e9ment)\">Litiges fonciers<\/a>\n<a href=\"https:\/\/immobilierivoirien.com\/index.php\/tag\/ministere-de-la-construction\/\" class=\"tag-cloud-link tag-link-35 tag-link-position-19\" style=\"font-size: 19.836363636364pt;\" aria-label=\"minist\u00e8re de la construction (16 \u00e9l\u00e9ments)\">minist\u00e8re de la construction<\/a>\n<a href=\"https:\/\/immobilierivoirien.com\/index.php\/tag\/parc-des-expositions\/\" class=\"tag-cloud-link tag-link-31 tag-link-position-20\" style=\"font-size: 8pt;\" aria-label=\"parc des expositions (1 \u00e9l\u00e9ment)\">parc des expositions<\/a>\n<a href=\"https:\/\/immobilierivoirien.com\/index.php\/tag\/permis-de-construire\/\" class=\"tag-cloud-link tag-link-28 tag-link-position-21\" style=\"font-size: 8pt;\" aria-label=\"Permis de construire (1 \u00e9l\u00e9ment)\">Permis de construire<\/a>\n<a href=\"https:\/\/immobilierivoirien.com\/index.php\/tag\/procedure-acd\/\" class=\"tag-cloud-link tag-link-16 tag-link-position-22\" style=\"font-size: 8pt;\" aria-label=\"Proc\u00e9dure ACD (1 \u00e9l\u00e9ment)\">Proc\u00e9dure ACD<\/a>\n<a href=\"https:\/\/immobilierivoirien.com\/index.php\/tag\/procedure-dobtention\/\" class=\"tag-cloud-link tag-link-38 tag-link-position-23\" style=\"font-size: 8pt;\" aria-label=\"proc\u00e9dure d&#039;obtention (1 \u00e9l\u00e9ment)\">proc\u00e9dure d&#039;obtention<\/a>\n<a href=\"https:\/\/immobilierivoirien.com\/index.php\/tag\/programmes-immobiliers\/\" class=\"tag-cloud-link tag-link-39 tag-link-position-24\" style=\"font-size: 8pt;\" aria-label=\"programmes immobiliers (1 \u00e9l\u00e9ment)\">programmes immobiliers<\/a>\n<a href=\"https:\/\/immobilierivoirien.com\/index.php\/tag\/propriete\/\" class=\"tag-cloud-link tag-link-49 tag-link-position-25\" style=\"font-size: 8pt;\" aria-label=\"propri\u00e9t\u00e9 (1 \u00e9l\u00e9ment)\">propri\u00e9t\u00e9<\/a>\n<a href=\"https:\/\/immobilierivoirien.com\/index.php\/tag\/slide\/\" class=\"tag-cloud-link tag-link-34 tag-link-position-26\" style=\"font-size: 20.218181818182pt;\" aria-label=\"slide (17 \u00e9l\u00e9ments)\">slide<\/a>\n<a href=\"https:\/\/immobilierivoirien.com\/index.php\/tag\/urbanisme\/\" class=\"tag-cloud-link tag-link-42 tag-link-position-27\" style=\"font-size: 18.309090909091pt;\" aria-label=\"urbanisme (12 \u00e9l\u00e9ments)\">urbanisme<\/a><\/p>","protected":false},"excerpt":{"rendered":"<p>Le Ministre Bruno Nabagn\u00e9 KON\u00c9 a pris part hier, \u00e0 Port-Bou\u00ebt, \u00e0 la c\u00e9r\u00e9monie officielle d\u2019inauguration du Parc des Expositions d\u2019Abidjan par le Vice-Pr\u00e9sident, SEM Tiemoko Meyliet Kon\u00e9, en pr\u00e9sence du Premier Ministre, Patrick Achi et de plusieurs membres du Gouvernement de C\u00f4te d\u2019Ivoire .<\/p>\n","protected":false},"author":1,"featured_media":1281,"comment_status":"open","ping_status":"open","sticky":false,"template":"","format":"video","meta":{"_jetpack_memberships_contains_paid_content":false,"footnotes":""},"categories":[3,27],"tags":[29,36,10,31],"class_list":["post-15","post","type-post","status-publish","format-video","has-post-thumbnail","hentry","category-actualite","category-construction","tag-architectes","tag-cote-divoire","tag-immobilier","tag-parc-des-expositions","post_format-post-format-video"],"yoast_head":"<!-- This site is optimized with the Yoast SEO plugin v27.1.1 - https:\/\/yoast.com\/product\/yoast-seo-wordpress\/ -->\n<title>C\u00c9R\u00c9MONIE D&#039;INAUGURATION DU PARC DES EXPOSITIONS D&#039;ABIDJAN - Immobilier Ivoirien<\/title>\n<meta name=\"description\" content=\"D\u2019une capacit\u00e9 d\u2019accueil de pr\u00e8s de 12 000 places, le Parc des expositions s\u2019inscrit dans l\u2019ambition du Chef de...c\u00e9r\u00e9monie dinauguration\" \/>\n<meta name=\"robots\" content=\"index, follow, max-snippet:-1, max-image-preview:large, max-video-preview:-1\" \/>\n<link rel=\"canonical\" href=\"https:\/\/immobilierivoirien.com\/index.php\/2023\/07\/18\/ceremonie-dinauguration-du-parc-des-expositions-dabidjan\/\" \/>\n<meta property=\"og:locale\" content=\"fr_FR\" \/>\n<meta property=\"og:type\" content=\"article\" \/>\n<meta property=\"og:title\" content=\"C\u00c9R\u00c9MONIE D&#039;INAUGURATION DU PARC DES EXPOSITIONS D&#039;ABIDJAN - Immobilier Ivoirien\" \/>\n<meta property=\"og:description\" content=\"D\u2019une capacit\u00e9 d\u2019accueil de pr\u00e8s de 12 000 places, le Parc des expositions s\u2019inscrit dans l\u2019ambition du Chef de...c\u00e9r\u00e9monie dinauguration\" \/>\n<meta property=\"og:url\" content=\"https:\/\/immobilierivoirien.com\/index.php\/2023\/07\/18\/ceremonie-dinauguration-du-parc-des-expositions-dabidjan\/\" \/>\n<meta property=\"og:site_name\" content=\"Immobilier Ivoirien\" \/>\n<meta property=\"article:published_time\" content=\"2023-07-18T11:16:45+00:00\" \/>\n<meta property=\"article:modified_time\" content=\"2024-03-07T12:59:21+00:00\" \/>\n<meta property=\"og:image\" content=\"https:\/\/immobilierivoirien.com\/wp-content\/uploads\/2022\/01\/parc-expo.jpg\" \/>\n\t<meta property=\"og:image:width\" content=\"1024\" \/>\n\t<meta property=\"og:image:height\" content=\"683\" \/>\n\t<meta property=\"og:image:type\" content=\"image\/jpeg\" \/>\n<meta name=\"author\" content=\"admin\" \/>\n<meta name=\"twitter:card\" content=\"summary_large_image\" \/>\n<meta name=\"twitter:label1\" content=\"\u00c9crit par\" \/>\n\t<meta name=\"twitter:data1\" content=\"admin\" \/>\n\t<meta name=\"twitter:label2\" content=\"Dur\u00e9e de lecture estim\u00e9e\" \/>\n\t<meta name=\"twitter:data2\" content=\"2 minutes\" \/>\n<script type=\"application\/ld+json\" class=\"yoast-schema-graph\">{\"@context\":\"https:\/\/schema.org\",\"@graph\":[{\"@type\":\"Article\",\"@id\":\"https:\/\/immobilierivoirien.com\/index.php\/2023\/07\/18\/ceremonie-dinauguration-du-parc-des-expositions-dabidjan\/#article\",\"isPartOf\":{\"@id\":\"https:\/\/immobilierivoirien.com\/index.php\/2023\/07\/18\/ceremonie-dinauguration-du-parc-des-expositions-dabidjan\/\"},\"author\":{\"name\":\"admin\",\"@id\":\"https:\/\/immobilierivoirien.com\/#\/schema\/person\/7513221f9a0627127c494440d8a976e5\"},\"headline\":\"C\u00c9R\u00c9MONIE D&rsquo;INAUGURATION DU PARC DES EXPOSITIONS D&rsquo;ABIDJAN\",\"datePublished\":\"2023-07-18T11:16:45+00:00\",\"dateModified\":\"2024-03-07T12:59:21+00:00\",\"mainEntityOfPage\":{\"@id\":\"https:\/\/immobilierivoirien.com\/index.php\/2023\/07\/18\/ceremonie-dinauguration-du-parc-des-expositions-dabidjan\/\"},\"wordCount\":210,\"commentCount\":0,\"publisher\":{\"@id\":\"https:\/\/immobilierivoirien.com\/#organization\"},\"image\":{\"@id\":\"https:\/\/immobilierivoirien.com\/index.php\/2023\/07\/18\/ceremonie-dinauguration-du-parc-des-expositions-dabidjan\/#primaryimage\"},\"thumbnailUrl\":\"https:\/\/immobilierivoirien.com\/wp-content\/uploads\/2022\/01\/parc-expo.jpg\",\"keywords\":[\"architectes\",\"C\u00f4te d'Ivoire\",\"immobilier\",\"parc des expositions\"],\"articleSection\":[\"Actualit\u00e9\",\"Construction\"],\"inLanguage\":\"fr-FR\",\"potentialAction\":[{\"@type\":\"CommentAction\",\"name\":\"Comment\",\"target\":[\"https:\/\/immobilierivoirien.com\/index.php\/2023\/07\/18\/ceremonie-dinauguration-du-parc-des-expositions-dabidjan\/#respond\"]}]},{\"@type\":\"WebPage\",\"@id\":\"https:\/\/immobilierivoirien.com\/index.php\/2023\/07\/18\/ceremonie-dinauguration-du-parc-des-expositions-dabidjan\/\",\"url\":\"https:\/\/immobilierivoirien.com\/index.php\/2023\/07\/18\/ceremonie-dinauguration-du-parc-des-expositions-dabidjan\/\",\"name\":\"C\u00c9R\u00c9MONIE D'INAUGURATION DU PARC DES EXPOSITIONS D'ABIDJAN - Immobilier Ivoirien\",\"isPartOf\":{\"@id\":\"https:\/\/immobilierivoirien.com\/#website\"},\"primaryImageOfPage\":{\"@id\":\"https:\/\/immobilierivoirien.com\/index.php\/2023\/07\/18\/ceremonie-dinauguration-du-parc-des-expositions-dabidjan\/#primaryimage\"},\"image\":{\"@id\":\"https:\/\/immobilierivoirien.com\/index.php\/2023\/07\/18\/ceremonie-dinauguration-du-parc-des-expositions-dabidjan\/#primaryimage\"},\"thumbnailUrl\":\"https:\/\/immobilierivoirien.com\/wp-content\/uploads\/2022\/01\/parc-expo.jpg\",\"datePublished\":\"2023-07-18T11:16:45+00:00\",\"dateModified\":\"2024-03-07T12:59:21+00:00\",\"description\":\"D\u2019une capacit\u00e9 d\u2019accueil de pr\u00e8s de 12 000 places, le Parc des expositions s\u2019inscrit dans l\u2019ambition du Chef de...c\u00e9r\u00e9monie dinauguration\",\"breadcrumb\":{\"@id\":\"https:\/\/immobilierivoirien.com\/index.php\/2023\/07\/18\/ceremonie-dinauguration-du-parc-des-expositions-dabidjan\/#breadcrumb\"},\"inLanguage\":\"fr-FR\",\"potentialAction\":[{\"@type\":\"ReadAction\",\"target\":[\"https:\/\/immobilierivoirien.com\/index.php\/2023\/07\/18\/ceremonie-dinauguration-du-parc-des-expositions-dabidjan\/\"]}]},{\"@type\":\"ImageObject\",\"inLanguage\":\"fr-FR\",\"@id\":\"https:\/\/immobilierivoirien.com\/index.php\/2023\/07\/18\/ceremonie-dinauguration-du-parc-des-expositions-dabidjan\/#primaryimage\",\"url\":\"https:\/\/immobilierivoirien.com\/wp-content\/uploads\/2022\/01\/parc-expo.jpg\",\"contentUrl\":\"https:\/\/immobilierivoirien.com\/wp-content\/uploads\/2022\/01\/parc-expo.jpg\",\"width\":1024,\"height\":683,\"caption\":\"c\u00e9r\u00e9monie dinauguration\"},{\"@type\":\"BreadcrumbList\",\"@id\":\"https:\/\/immobilierivoirien.com\/index.php\/2023\/07\/18\/ceremonie-dinauguration-du-parc-des-expositions-dabidjan\/#breadcrumb\",\"itemListElement\":[{\"@type\":\"ListItem\",\"position\":1,\"name\":\"Accueil\",\"item\":\"https:\/\/immobilierivoirien.com\/\"},{\"@type\":\"ListItem\",\"position\":2,\"name\":\"C\u00c9R\u00c9MONIE D&rsquo;INAUGURATION DU PARC DES EXPOSITIONS D&rsquo;ABIDJAN\"}]},{\"@type\":\"WebSite\",\"@id\":\"https:\/\/immobilierivoirien.com\/#website\",\"url\":\"https:\/\/immobilierivoirien.com\/\",\"name\":\"Immobilier Ivoirien\",\"description\":\"Tout sur l&#039;immobilier en C\u00f4te d&#039;Ivoire\",\"publisher\":{\"@id\":\"https:\/\/immobilierivoirien.com\/#organization\"},\"potentialAction\":[{\"@type\":\"SearchAction\",\"target\":{\"@type\":\"EntryPoint\",\"urlTemplate\":\"https:\/\/immobilierivoirien.com\/?s={search_term_string}\"},\"query-input\":{\"@type\":\"PropertyValueSpecification\",\"valueRequired\":true,\"valueName\":\"search_term_string\"}}],\"inLanguage\":\"fr-FR\"},{\"@type\":\"Organization\",\"@id\":\"https:\/\/immobilierivoirien.com\/#organization\",\"name\":\"Immobilier Ivoirien\",\"url\":\"https:\/\/immobilierivoirien.com\/\",\"logo\":{\"@type\":\"ImageObject\",\"inLanguage\":\"fr-FR\",\"@id\":\"https:\/\/immobilierivoirien.com\/#\/schema\/logo\/image\/\",\"url\":\"https:\/\/immobilierivoirien.com\/wp-content\/uploads\/2023\/07\/cropped-cropped-ARR1.png\",\"contentUrl\":\"https:\/\/immobilierivoirien.com\/wp-content\/uploads\/2023\/07\/cropped-cropped-ARR1.png\",\"width\":512,\"height\":512,\"caption\":\"Immobilier Ivoirien\"},\"image\":{\"@id\":\"https:\/\/immobilierivoirien.com\/#\/schema\/logo\/image\/\"}},{\"@type\":\"Person\",\"@id\":\"https:\/\/immobilierivoirien.com\/#\/schema\/person\/7513221f9a0627127c494440d8a976e5\",\"name\":\"admin\",\"image\":{\"@type\":\"ImageObject\",\"inLanguage\":\"fr-FR\",\"@id\":\"https:\/\/immobilierivoirien.com\/#\/schema\/person\/image\/\",\"url\":\"https:\/\/secure.gravatar.com\/avatar\/fc549fb608910b51930168296b73309cddd85b9fb88501c3cc71f0797894f212?s=96&d=mm&r=g\",\"contentUrl\":\"https:\/\/secure.gravatar.com\/avatar\/fc549fb608910b51930168296b73309cddd85b9fb88501c3cc71f0797894f212?s=96&d=mm&r=g\",\"caption\":\"admin\"},\"sameAs\":[\"https:\/\/immobilierivoirien.com\"],\"url\":\"https:\/\/immobilierivoirien.com\/index.php\/author\/immoivoirien\/\"}]}<\/script>\n<!-- \/ Yoast SEO plugin. -->","yoast_head_json":{"title":"C\u00c9R\u00c9MONIE D'INAUGURATION DU PARC DES EXPOSITIONS D'ABIDJAN - Immobilier Ivoirien","description":"D\u2019une capacit\u00e9 d\u2019accueil de pr\u00e8s de 12 000 places, le Parc des expositions s\u2019inscrit dans l\u2019ambition du Chef de...c\u00e9r\u00e9monie dinauguration","robots":{"index":"index","follow":"follow","max-snippet":"max-snippet:-1","max-image-preview":"max-image-preview:large","max-video-preview":"max-video-preview:-1"},"canonical":"https:\/\/immobilierivoirien.com\/index.php\/2023\/07\/18\/ceremonie-dinauguration-du-parc-des-expositions-dabidjan\/","og_locale":"fr_FR","og_type":"article","og_title":"C\u00c9R\u00c9MONIE D'INAUGURATION DU PARC DES EXPOSITIONS D'ABIDJAN - Immobilier Ivoirien","og_description":"D\u2019une capacit\u00e9 d\u2019accueil de pr\u00e8s de 12 000 places, le Parc des expositions s\u2019inscrit dans l\u2019ambition du Chef de...c\u00e9r\u00e9monie dinauguration","og_url":"https:\/\/immobilierivoirien.com\/index.php\/2023\/07\/18\/ceremonie-dinauguration-du-parc-des-expositions-dabidjan\/","og_site_name":"Immobilier Ivoirien","article_published_time":"2023-07-18T11:16:45+00:00","article_modified_time":"2024-03-07T12:59:21+00:00","og_image":[{"width":1024,"height":683,"url":"https:\/\/immobilierivoirien.com\/wp-content\/uploads\/2022\/01\/parc-expo.jpg","type":"image\/jpeg"}],"author":"admin","twitter_card":"summary_large_image","twitter_misc":{"\u00c9crit par":"admin","Dur\u00e9e de lecture estim\u00e9e":"2 minutes"},"schema":{"@context":"https:\/\/schema.org","@graph":[{"@type":"Article","@id":"https:\/\/immobilierivoirien.com\/index.php\/2023\/07\/18\/ceremonie-dinauguration-du-parc-des-expositions-dabidjan\/#article","isPartOf":{"@id":"https:\/\/immobilierivoirien.com\/index.php\/2023\/07\/18\/ceremonie-dinauguration-du-parc-des-expositions-dabidjan\/"},"author":{"name":"admin","@id":"https:\/\/immobilierivoirien.com\/#\/schema\/person\/7513221f9a0627127c494440d8a976e5"},"headline":"C\u00c9R\u00c9MONIE D&rsquo;INAUGURATION DU PARC DES EXPOSITIONS D&rsquo;ABIDJAN","datePublished":"2023-07-18T11:16:45+00:00","dateModified":"2024-03-07T12:59:21+00:00","mainEntityOfPage":{"@id":"https:\/\/immobilierivoirien.com\/index.php\/2023\/07\/18\/ceremonie-dinauguration-du-parc-des-expositions-dabidjan\/"},"wordCount":210,"commentCount":0,"publisher":{"@id":"https:\/\/immobilierivoirien.com\/#organization"},"image":{"@id":"https:\/\/immobilierivoirien.com\/index.php\/2023\/07\/18\/ceremonie-dinauguration-du-parc-des-expositions-dabidjan\/#primaryimage"},"thumbnailUrl":"https:\/\/immobilierivoirien.com\/wp-content\/uploads\/2022\/01\/parc-expo.jpg","keywords":["architectes","C\u00f4te d'Ivoire","immobilier","parc des expositions"],"articleSection":["Actualit\u00e9","Construction"],"inLanguage":"fr-FR","potentialAction":[{"@type":"CommentAction","name":"Comment","target":["https:\/\/immobilierivoirien.com\/index.php\/2023\/07\/18\/ceremonie-dinauguration-du-parc-des-expositions-dabidjan\/#respond"]}]},{"@type":"WebPage","@id":"https:\/\/immobilierivoirien.com\/index.php\/2023\/07\/18\/ceremonie-dinauguration-du-parc-des-expositions-dabidjan\/","url":"https:\/\/immobilierivoirien.com\/index.php\/2023\/07\/18\/ceremonie-dinauguration-du-parc-des-expositions-dabidjan\/","name":"C\u00c9R\u00c9MONIE D'INAUGURATION DU PARC DES EXPOSITIONS D'ABIDJAN - Immobilier Ivoirien","isPartOf":{"@id":"https:\/\/immobilierivoirien.com\/#website"},"primaryImageOfPage":{"@id":"https:\/\/immobilierivoirien.com\/index.php\/2023\/07\/18\/ceremonie-dinauguration-du-parc-des-expositions-dabidjan\/#primaryimage"},"image":{"@id":"https:\/\/immobilierivoirien.com\/index.php\/2023\/07\/18\/ceremonie-dinauguration-du-parc-des-expositions-dabidjan\/#primaryimage"},"thumbnailUrl":"https:\/\/immobilierivoirien.com\/wp-content\/uploads\/2022\/01\/parc-expo.jpg","datePublished":"2023-07-18T11:16:45+00:00","dateModified":"2024-03-07T12:59:21+00:00","description":"D\u2019une capacit\u00e9 d\u2019accueil de pr\u00e8s de 12 000 places, le Parc des expositions s\u2019inscrit dans l\u2019ambition du Chef de...c\u00e9r\u00e9monie dinauguration","breadcrumb":{"@id":"https:\/\/immobilierivoirien.com\/index.php\/2023\/07\/18\/ceremonie-dinauguration-du-parc-des-expositions-dabidjan\/#breadcrumb"},"inLanguage":"fr-FR","potentialAction":[{"@type":"ReadAction","target":["https:\/\/immobilierivoirien.com\/index.php\/2023\/07\/18\/ceremonie-dinauguration-du-parc-des-expositions-dabidjan\/"]}]},{"@type":"ImageObject","inLanguage":"fr-FR","@id":"https:\/\/immobilierivoirien.com\/index.php\/2023\/07\/18\/ceremonie-dinauguration-du-parc-des-expositions-dabidjan\/#primaryimage","url":"https:\/\/immobilierivoirien.com\/wp-content\/uploads\/2022\/01\/parc-expo.jpg","contentUrl":"https:\/\/immobilierivoirien.com\/wp-content\/uploads\/2022\/01\/parc-expo.jpg","width":1024,"height":683,"caption":"c\u00e9r\u00e9monie dinauguration"},{"@type":"BreadcrumbList","@id":"https:\/\/immobilierivoirien.com\/index.php\/2023\/07\/18\/ceremonie-dinauguration-du-parc-des-expositions-dabidjan\/#breadcrumb","itemListElement":[{"@type":"ListItem","position":1,"name":"Accueil","item":"https:\/\/immobilierivoirien.com\/"},{"@type":"ListItem","position":2,"name":"C\u00c9R\u00c9MONIE D&rsquo;INAUGURATION DU PARC DES EXPOSITIONS D&rsquo;ABIDJAN"}]},{"@type":"WebSite","@id":"https:\/\/immobilierivoirien.com\/#website","url":"https:\/\/immobilierivoirien.com\/","name":"Immobilier Ivoirien","description":"Tout sur l&#039;immobilier en C\u00f4te d&#039;Ivoire","publisher":{"@id":"https:\/\/immobilierivoirien.com\/#organization"},"potentialAction":[{"@type":"SearchAction","target":{"@type":"EntryPoint","urlTemplate":"https:\/\/immobilierivoirien.com\/?s={search_term_string}"},"query-input":{"@type":"PropertyValueSpecification","valueRequired":true,"valueName":"search_term_string"}}],"inLanguage":"fr-FR"},{"@type":"Organization","@id":"https:\/\/immobilierivoirien.com\/#organization","name":"Immobilier Ivoirien","url":"https:\/\/immobilierivoirien.com\/","logo":{"@type":"ImageObject","inLanguage":"fr-FR","@id":"https:\/\/immobilierivoirien.com\/#\/schema\/logo\/image\/","url":"https:\/\/immobilierivoirien.com\/wp-content\/uploads\/2023\/07\/cropped-cropped-ARR1.png","contentUrl":"https:\/\/immobilierivoirien.com\/wp-content\/uploads\/2023\/07\/cropped-cropped-ARR1.png","width":512,"height":512,"caption":"Immobilier Ivoirien"},"image":{"@id":"https:\/\/immobilierivoirien.com\/#\/schema\/logo\/image\/"}},{"@type":"Person","@id":"https:\/\/immobilierivoirien.com\/#\/schema\/person\/7513221f9a0627127c494440d8a976e5","name":"admin","image":{"@type":"ImageObject","inLanguage":"fr-FR","@id":"https:\/\/immobilierivoirien.com\/#\/schema\/person\/image\/","url":"https:\/\/secure.gravatar.com\/avatar\/fc549fb608910b51930168296b73309cddd85b9fb88501c3cc71f0797894f212?s=96&d=mm&r=g","contentUrl":"https:\/\/secure.gravatar.com\/avatar\/fc549fb608910b51930168296b73309cddd85b9fb88501c3cc71f0797894f212?s=96&d=mm&r=g","caption":"admin"},"sameAs":["https:\/\/immobilierivoirien.com"],"url":"https:\/\/immobilierivoirien.com\/index.php\/author\/immoivoirien\/"}]}},"jetpack_featured_media_url":"https:\/\/immobilierivoirien.com\/wp-content\/uploads\/2022\/01\/parc-expo.jpg","jetpack_sharing_enabled":true,"_links":{"self":[{"href":"https:\/\/immobilierivoirien.com\/index.php\/wp-json\/wp\/v2\/posts\/15","targetHints":{"allow":["GET"]}}],"collection":[{"href":"https:\/\/immobilierivoirien.com\/index.php\/wp-json\/wp\/v2\/posts"}],"about":[{"href":"https:\/\/immobilierivoirien.com\/index.php\/wp-json\/wp\/v2\/types\/post"}],"author":[{"embeddable":true,"href":"https:\/\/immobilierivoirien.com\/index.php\/wp-json\/wp\/v2\/users\/1"}],"replies":[{"embeddable":true,"href":"https:\/\/immobilierivoirien.com\/index.php\/wp-json\/wp\/v2\/comments?post=15"}],"version-history":[{"count":6,"href":"https:\/\/immobilierivoirien.com\/index.php\/wp-json\/wp\/v2\/posts\/15\/revisions"}],"predecessor-version":[{"id":1510,"href":"https:\/\/immobilierivoirien.com\/index.php\/wp-json\/wp\/v2\/posts\/15\/revisions\/1510"}],"wp:featuredmedia":[{"embeddable":true,"href":"https:\/\/immobilierivoirien.com\/index.php\/wp-json\/wp\/v2\/media\/1281"}],"wp:attachment":[{"href":"https:\/\/immobilierivoirien.com\/index.php\/wp-json\/wp\/v2\/media?parent=15"}],"wp:term":[{"taxonomy":"category","embeddable":true,"href":"https:\/\/immobilierivoirien.com\/index.php\/wp-json\/wp\/v2\/categories?post=15"},{"taxonomy":"post_tag","embeddable":true,"href":"https:\/\/immobilierivoirien.com\/index.php\/wp-json\/wp\/v2\/tags?post=15"}],"curies":[{"name":"wp","href":"https:\/\/api.w.org\/{rel}","templated":true}]}}