{"id":1635,"date":"2024-05-24T16:22:33","date_gmt":"2024-05-24T16:22:33","guid":{"rendered":"https:\/\/immobilierivoirien.com\/?p=1635"},"modified":"2024-05-24T16:51:48","modified_gmt":"2024-05-24T16:51:48","slug":"atelier-de-formation-a-lintention-des-acquereurs","status":"publish","type":"post","link":"https:\/\/immobilierivoirien.com\/index.php\/2024\/05\/24\/atelier-de-formation-a-lintention-des-acquereurs\/","title":{"rendered":"Atelier de formation \u00e0 l&rsquo;intention des acqu\u00e9reurs"},"content":{"rendered":"\n<h3 class=\"wp-block-heading\">LOTISSEMENTS \u00c0 \u00c9QUIPEMENTS MOD\u00c9R\u00c9S ET TERRAINS \u00c9QUIP\u00c9S \u00c0 BAS CO\u00dbTS. <\/h3>\n\n\n\n<p>La Direction de la Copropri\u00e9t\u00e9 et du Cadre de Vie a organis\u00e9, le vendredi 17 mai dernier au Plateau, un atelier de formation \u00e0 l\u2019intention des acqu\u00e9reurs des Lotissements \u00e0 \u00c9quipement Mod\u00e9r\u00e9 et des Terrains \u00c9quip\u00e9s \u00e0 Bas Co\u00fbts.<\/p>\n\n\n\n<p>Le th\u00e8me du s\u00e9minaire \u00e9tait \u00ab La constitution des associations syndicales dans les Lotissements \u00e0 \u00c9quipement Mod\u00e9r\u00e9 et Terrains \u00c9quip\u00e9s \u00e0 Bas Co\u00fbts \u00bb, et il avait pour objectif d\u2019\u00e9duquer et d\u2019informer les acqu\u00e9reurs sur les concepts syndicaux afin de les former \u00e0 mieux d\u00e9fendre leurs int\u00e9r\u00eats.<\/p>\n\n\n\n<p>Lors de Atelier de formation \u00e0 l&rsquo;intention des acqu\u00e9reurs, la Directrice de la Copropri\u00e9t\u00e9 et du Cadre de Vie, Mme Ehui Beni\u00e9 Epse Kon\u00e9, ainsi que d\u2019autres intervenants, ont abord\u00e9 diverses questions visant \u00e0 cr\u00e9er une synergie entre les Lotissements \u00e0 \u00c9quipement Mod\u00e9r\u00e9, les Terrains \u00c9quip\u00e9s \u00e0 Bas Co\u00fbts, et un cadre de <a href=\"http:\/\/afrikimmo.ci\">vie de qualit\u00e9<\/a>. Le s\u00e9minaire a \u00e9galement fourni un cadre d\u2019\u00e9change ad\u00e9quat pour les \u00e9quipes de suivi de la Direction de la Copropri\u00e9t\u00e9 et du Cadre de Vie et du Service d\u2019Appui aux Lotisseurs et Am\u00e9nageurs (SALA).<\/p>\n\n\n\n<p>Les discussions ont port\u00e9 sur la d\u00e9finition et le fonctionnement des associations syndicales, ainsi que sur la r\u00e9gulation du voisinage dans un environnement g\u00e9r\u00e9 collectivement et <a href=\"https:\/\/immobilierivoirien.com\/index.php\/2024\/02\/11\/pourquoi-investir-dans-limmobilier-en-cote-divoire\/\">am\u00e9lior\u00e9<\/a>.<\/p>\n","protected":false},"excerpt":{"rendered":"<p>LOTISSEMENTS \u00c0 \u00c9QUIPEMENTS MOD\u00c9R\u00c9S ET TERRAINS \u00c9QUIP\u00c9S \u00c0 BAS CO\u00dbTS. La Direction de la Copropri\u00e9t\u00e9<\/p>\n","protected":false},"author":1,"featured_media":1640,"comment_status":"open","ping_status":"open","sticky":false,"template":"","format":"standard","meta":{"_jetpack_memberships_contains_paid_content":false,"footnotes":""},"categories":[3],"tags":[36,35],"class_list":["post-1635","post","type-post","status-publish","format-standard","has-post-thumbnail","hentry","category-actualite","tag-cote-divoire","tag-ministere-de-la-construction"],"yoast_head":"<!-- This site is optimized with the Yoast SEO plugin v27.1.1 - https:\/\/yoast.com\/product\/yoast-seo-wordpress\/ -->\n<title>Atelier de formation \u00e0 l&#039;intention des acqu\u00e9reurs - Immobilier Ivoirien<\/title>\n<meta name=\"description\" content=\"Atelier de formation \u00e0 l&#039;intention des acqu\u00e9reurs (LEM) et (TEBC), Lors de cet \u00e9v\u00e9nement, la Directrice de la Copropri\u00e9t\u00e9 et du Cadre de Vie\" \/>\n<meta name=\"robots\" content=\"index, follow, max-snippet:-1, max-image-preview:large, max-video-preview:-1\" \/>\n<link rel=\"canonical\" href=\"https:\/\/immobilierivoirien.com\/index.php\/2024\/05\/24\/atelier-de-formation-a-lintention-des-acquereurs\/\" \/>\n<meta property=\"og:locale\" content=\"fr_FR\" \/>\n<meta property=\"og:type\" content=\"article\" \/>\n<meta property=\"og:title\" content=\"Atelier de formation \u00e0 l&#039;intention des acqu\u00e9reurs - Immobilier Ivoirien\" \/>\n<meta property=\"og:description\" content=\"Atelier de formation \u00e0 l&#039;intention des acqu\u00e9reurs (LEM) et (TEBC), Lors de cet \u00e9v\u00e9nement, la Directrice de la Copropri\u00e9t\u00e9 et du Cadre de Vie\" \/>\n<meta property=\"og:url\" content=\"https:\/\/immobilierivoirien.com\/index.php\/2024\/05\/24\/atelier-de-formation-a-lintention-des-acquereurs\/\" \/>\n<meta property=\"og:site_name\" content=\"Immobilier Ivoirien\" \/>\n<meta property=\"article:published_time\" content=\"2024-05-24T16:22:33+00:00\" \/>\n<meta property=\"article:modified_time\" content=\"2024-05-24T16:51:48+00:00\" \/>\n<meta property=\"og:image\" content=\"https:\/\/immobilierivoirien.com\/wp-content\/uploads\/2024\/05\/Atelier-de-formation.jpg\" \/>\n\t<meta property=\"og:image:width\" content=\"1280\" \/>\n\t<meta property=\"og:image:height\" content=\"854\" \/>\n\t<meta property=\"og:image:type\" content=\"image\/jpeg\" \/>\n<meta name=\"author\" content=\"admin\" \/>\n<meta name=\"twitter:card\" content=\"summary_large_image\" \/>\n<meta name=\"twitter:label1\" content=\"\u00c9crit par\" \/>\n\t<meta name=\"twitter:data1\" content=\"admin\" \/>\n\t<meta name=\"twitter:label2\" content=\"Dur\u00e9e de lecture estim\u00e9e\" \/>\n\t<meta name=\"twitter:data2\" content=\"2 minutes\" \/>\n<script type=\"application\/ld+json\" class=\"yoast-schema-graph\">{\"@context\":\"https:\/\/schema.org\",\"@graph\":[{\"@type\":\"Article\",\"@id\":\"https:\/\/immobilierivoirien.com\/index.php\/2024\/05\/24\/atelier-de-formation-a-lintention-des-acquereurs\/#article\",\"isPartOf\":{\"@id\":\"https:\/\/immobilierivoirien.com\/index.php\/2024\/05\/24\/atelier-de-formation-a-lintention-des-acquereurs\/\"},\"author\":{\"name\":\"admin\",\"@id\":\"https:\/\/immobilierivoirien.com\/#\/schema\/person\/7513221f9a0627127c494440d8a976e5\"},\"headline\":\"Atelier de formation \u00e0 l&rsquo;intention des acqu\u00e9reurs\",\"datePublished\":\"2024-05-24T16:22:33+00:00\",\"dateModified\":\"2024-05-24T16:51:48+00:00\",\"mainEntityOfPage\":{\"@id\":\"https:\/\/immobilierivoirien.com\/index.php\/2024\/05\/24\/atelier-de-formation-a-lintention-des-acquereurs\/\"},\"wordCount\":245,\"commentCount\":0,\"publisher\":{\"@id\":\"https:\/\/immobilierivoirien.com\/#organization\"},\"image\":{\"@id\":\"https:\/\/immobilierivoirien.com\/index.php\/2024\/05\/24\/atelier-de-formation-a-lintention-des-acquereurs\/#primaryimage\"},\"thumbnailUrl\":\"https:\/\/immobilierivoirien.com\/wp-content\/uploads\/2024\/05\/Atelier-de-formation.jpg\",\"keywords\":[\"C\u00f4te d'Ivoire\",\"minist\u00e8re de la construction\"],\"articleSection\":[\"Actualit\u00e9\"],\"inLanguage\":\"fr-FR\",\"potentialAction\":[{\"@type\":\"CommentAction\",\"name\":\"Comment\",\"target\":[\"https:\/\/immobilierivoirien.com\/index.php\/2024\/05\/24\/atelier-de-formation-a-lintention-des-acquereurs\/#respond\"]}]},{\"@type\":\"WebPage\",\"@id\":\"https:\/\/immobilierivoirien.com\/index.php\/2024\/05\/24\/atelier-de-formation-a-lintention-des-acquereurs\/\",\"url\":\"https:\/\/immobilierivoirien.com\/index.php\/2024\/05\/24\/atelier-de-formation-a-lintention-des-acquereurs\/\",\"name\":\"Atelier de formation \u00e0 l'intention des acqu\u00e9reurs - Immobilier Ivoirien\",\"isPartOf\":{\"@id\":\"https:\/\/immobilierivoirien.com\/#website\"},\"primaryImageOfPage\":{\"@id\":\"https:\/\/immobilierivoirien.com\/index.php\/2024\/05\/24\/atelier-de-formation-a-lintention-des-acquereurs\/#primaryimage\"},\"image\":{\"@id\":\"https:\/\/immobilierivoirien.com\/index.php\/2024\/05\/24\/atelier-de-formation-a-lintention-des-acquereurs\/#primaryimage\"},\"thumbnailUrl\":\"https:\/\/immobilierivoirien.com\/wp-content\/uploads\/2024\/05\/Atelier-de-formation.jpg\",\"datePublished\":\"2024-05-24T16:22:33+00:00\",\"dateModified\":\"2024-05-24T16:51:48+00:00\",\"description\":\"Atelier de formation \u00e0 l'intention des acqu\u00e9reurs (LEM) et (TEBC), Lors de cet \u00e9v\u00e9nement, la Directrice de la Copropri\u00e9t\u00e9 et du Cadre de Vie\",\"breadcrumb\":{\"@id\":\"https:\/\/immobilierivoirien.com\/index.php\/2024\/05\/24\/atelier-de-formation-a-lintention-des-acquereurs\/#breadcrumb\"},\"inLanguage\":\"fr-FR\",\"potentialAction\":[{\"@type\":\"ReadAction\",\"target\":[\"https:\/\/immobilierivoirien.com\/index.php\/2024\/05\/24\/atelier-de-formation-a-lintention-des-acquereurs\/\"]}]},{\"@type\":\"ImageObject\",\"inLanguage\":\"fr-FR\",\"@id\":\"https:\/\/immobilierivoirien.com\/index.php\/2024\/05\/24\/atelier-de-formation-a-lintention-des-acquereurs\/#primaryimage\",\"url\":\"https:\/\/immobilierivoirien.com\/wp-content\/uploads\/2024\/05\/Atelier-de-formation.jpg\",\"contentUrl\":\"https:\/\/immobilierivoirien.com\/wp-content\/uploads\/2024\/05\/Atelier-de-formation.jpg\",\"width\":1280,\"height\":854,\"caption\":\"Atelier de formation \u00e0 l'intention des acqu\u00e9reurs (LEM) et (TEBC)\"},{\"@type\":\"BreadcrumbList\",\"@id\":\"https:\/\/immobilierivoirien.com\/index.php\/2024\/05\/24\/atelier-de-formation-a-lintention-des-acquereurs\/#breadcrumb\",\"itemListElement\":[{\"@type\":\"ListItem\",\"position\":1,\"name\":\"Accueil\",\"item\":\"https:\/\/immobilierivoirien.com\/\"},{\"@type\":\"ListItem\",\"position\":2,\"name\":\"Atelier de formation \u00e0 l&rsquo;intention des acqu\u00e9reurs\"}]},{\"@type\":\"WebSite\",\"@id\":\"https:\/\/immobilierivoirien.com\/#website\",\"url\":\"https:\/\/immobilierivoirien.com\/\",\"name\":\"Immobilier Ivoirien\",\"description\":\"Tout sur l&#039;immobilier en C\u00f4te d&#039;Ivoire\",\"publisher\":{\"@id\":\"https:\/\/immobilierivoirien.com\/#organization\"},\"potentialAction\":[{\"@type\":\"SearchAction\",\"target\":{\"@type\":\"EntryPoint\",\"urlTemplate\":\"https:\/\/immobilierivoirien.com\/?s={search_term_string}\"},\"query-input\":{\"@type\":\"PropertyValueSpecification\",\"valueRequired\":true,\"valueName\":\"search_term_string\"}}],\"inLanguage\":\"fr-FR\"},{\"@type\":\"Organization\",\"@id\":\"https:\/\/immobilierivoirien.com\/#organization\",\"name\":\"Immobilier Ivoirien\",\"url\":\"https:\/\/immobilierivoirien.com\/\",\"logo\":{\"@type\":\"ImageObject\",\"inLanguage\":\"fr-FR\",\"@id\":\"https:\/\/immobilierivoirien.com\/#\/schema\/logo\/image\/\",\"url\":\"https:\/\/immobilierivoirien.com\/wp-content\/uploads\/2023\/07\/cropped-cropped-ARR1.png\",\"contentUrl\":\"https:\/\/immobilierivoirien.com\/wp-content\/uploads\/2023\/07\/cropped-cropped-ARR1.png\",\"width\":512,\"height\":512,\"caption\":\"Immobilier Ivoirien\"},\"image\":{\"@id\":\"https:\/\/immobilierivoirien.com\/#\/schema\/logo\/image\/\"}},{\"@type\":\"Person\",\"@id\":\"https:\/\/immobilierivoirien.com\/#\/schema\/person\/7513221f9a0627127c494440d8a976e5\",\"name\":\"admin\",\"image\":{\"@type\":\"ImageObject\",\"inLanguage\":\"fr-FR\",\"@id\":\"https:\/\/immobilierivoirien.com\/#\/schema\/person\/image\/\",\"url\":\"https:\/\/secure.gravatar.com\/avatar\/fc549fb608910b51930168296b73309cddd85b9fb88501c3cc71f0797894f212?s=96&d=mm&r=g\",\"contentUrl\":\"https:\/\/secure.gravatar.com\/avatar\/fc549fb608910b51930168296b73309cddd85b9fb88501c3cc71f0797894f212?s=96&d=mm&r=g\",\"caption\":\"admin\"},\"sameAs\":[\"https:\/\/immobilierivoirien.com\"],\"url\":\"https:\/\/immobilierivoirien.com\/index.php\/author\/immoivoirien\/\"}]}<\/script>\n<!-- \/ Yoast SEO plugin. -->","yoast_head_json":{"title":"Atelier de formation \u00e0 l'intention des acqu\u00e9reurs - Immobilier Ivoirien","description":"Atelier de formation \u00e0 l'intention des acqu\u00e9reurs (LEM) et (TEBC), Lors de cet \u00e9v\u00e9nement, la Directrice de la Copropri\u00e9t\u00e9 et du Cadre de Vie","robots":{"index":"index","follow":"follow","max-snippet":"max-snippet:-1","max-image-preview":"max-image-preview:large","max-video-preview":"max-video-preview:-1"},"canonical":"https:\/\/immobilierivoirien.com\/index.php\/2024\/05\/24\/atelier-de-formation-a-lintention-des-acquereurs\/","og_locale":"fr_FR","og_type":"article","og_title":"Atelier de formation \u00e0 l'intention des acqu\u00e9reurs - Immobilier Ivoirien","og_description":"Atelier de formation \u00e0 l'intention des acqu\u00e9reurs (LEM) et (TEBC), Lors de cet \u00e9v\u00e9nement, la Directrice de la Copropri\u00e9t\u00e9 et du Cadre de Vie","og_url":"https:\/\/immobilierivoirien.com\/index.php\/2024\/05\/24\/atelier-de-formation-a-lintention-des-acquereurs\/","og_site_name":"Immobilier Ivoirien","article_published_time":"2024-05-24T16:22:33+00:00","article_modified_time":"2024-05-24T16:51:48+00:00","og_image":[{"width":1280,"height":854,"url":"https:\/\/immobilierivoirien.com\/wp-content\/uploads\/2024\/05\/Atelier-de-formation.jpg","type":"image\/jpeg"}],"author":"admin","twitter_card":"summary_large_image","twitter_misc":{"\u00c9crit par":"admin","Dur\u00e9e de lecture estim\u00e9e":"2 minutes"},"schema":{"@context":"https:\/\/schema.org","@graph":[{"@type":"Article","@id":"https:\/\/immobilierivoirien.com\/index.php\/2024\/05\/24\/atelier-de-formation-a-lintention-des-acquereurs\/#article","isPartOf":{"@id":"https:\/\/immobilierivoirien.com\/index.php\/2024\/05\/24\/atelier-de-formation-a-lintention-des-acquereurs\/"},"author":{"name":"admin","@id":"https:\/\/immobilierivoirien.com\/#\/schema\/person\/7513221f9a0627127c494440d8a976e5"},"headline":"Atelier de formation \u00e0 l&rsquo;intention des acqu\u00e9reurs","datePublished":"2024-05-24T16:22:33+00:00","dateModified":"2024-05-24T16:51:48+00:00","mainEntityOfPage":{"@id":"https:\/\/immobilierivoirien.com\/index.php\/2024\/05\/24\/atelier-de-formation-a-lintention-des-acquereurs\/"},"wordCount":245,"commentCount":0,"publisher":{"@id":"https:\/\/immobilierivoirien.com\/#organization"},"image":{"@id":"https:\/\/immobilierivoirien.com\/index.php\/2024\/05\/24\/atelier-de-formation-a-lintention-des-acquereurs\/#primaryimage"},"thumbnailUrl":"https:\/\/immobilierivoirien.com\/wp-content\/uploads\/2024\/05\/Atelier-de-formation.jpg","keywords":["C\u00f4te d'Ivoire","minist\u00e8re de la construction"],"articleSection":["Actualit\u00e9"],"inLanguage":"fr-FR","potentialAction":[{"@type":"CommentAction","name":"Comment","target":["https:\/\/immobilierivoirien.com\/index.php\/2024\/05\/24\/atelier-de-formation-a-lintention-des-acquereurs\/#respond"]}]},{"@type":"WebPage","@id":"https:\/\/immobilierivoirien.com\/index.php\/2024\/05\/24\/atelier-de-formation-a-lintention-des-acquereurs\/","url":"https:\/\/immobilierivoirien.com\/index.php\/2024\/05\/24\/atelier-de-formation-a-lintention-des-acquereurs\/","name":"Atelier de formation \u00e0 l'intention des acqu\u00e9reurs - Immobilier Ivoirien","isPartOf":{"@id":"https:\/\/immobilierivoirien.com\/#website"},"primaryImageOfPage":{"@id":"https:\/\/immobilierivoirien.com\/index.php\/2024\/05\/24\/atelier-de-formation-a-lintention-des-acquereurs\/#primaryimage"},"image":{"@id":"https:\/\/immobilierivoirien.com\/index.php\/2024\/05\/24\/atelier-de-formation-a-lintention-des-acquereurs\/#primaryimage"},"thumbnailUrl":"https:\/\/immobilierivoirien.com\/wp-content\/uploads\/2024\/05\/Atelier-de-formation.jpg","datePublished":"2024-05-24T16:22:33+00:00","dateModified":"2024-05-24T16:51:48+00:00","description":"Atelier de formation \u00e0 l'intention des acqu\u00e9reurs (LEM) et (TEBC), Lors de cet \u00e9v\u00e9nement, la Directrice de la Copropri\u00e9t\u00e9 et du Cadre de Vie","breadcrumb":{"@id":"https:\/\/immobilierivoirien.com\/index.php\/2024\/05\/24\/atelier-de-formation-a-lintention-des-acquereurs\/#breadcrumb"},"inLanguage":"fr-FR","potentialAction":[{"@type":"ReadAction","target":["https:\/\/immobilierivoirien.com\/index.php\/2024\/05\/24\/atelier-de-formation-a-lintention-des-acquereurs\/"]}]},{"@type":"ImageObject","inLanguage":"fr-FR","@id":"https:\/\/immobilierivoirien.com\/index.php\/2024\/05\/24\/atelier-de-formation-a-lintention-des-acquereurs\/#primaryimage","url":"https:\/\/immobilierivoirien.com\/wp-content\/uploads\/2024\/05\/Atelier-de-formation.jpg","contentUrl":"https:\/\/immobilierivoirien.com\/wp-content\/uploads\/2024\/05\/Atelier-de-formation.jpg","width":1280,"height":854,"caption":"Atelier de formation \u00e0 l'intention des acqu\u00e9reurs (LEM) et (TEBC)"},{"@type":"BreadcrumbList","@id":"https:\/\/immobilierivoirien.com\/index.php\/2024\/05\/24\/atelier-de-formation-a-lintention-des-acquereurs\/#breadcrumb","itemListElement":[{"@type":"ListItem","position":1,"name":"Accueil","item":"https:\/\/immobilierivoirien.com\/"},{"@type":"ListItem","position":2,"name":"Atelier de formation \u00e0 l&rsquo;intention des acqu\u00e9reurs"}]},{"@type":"WebSite","@id":"https:\/\/immobilierivoirien.com\/#website","url":"https:\/\/immobilierivoirien.com\/","name":"Immobilier Ivoirien","description":"Tout sur l&#039;immobilier en C\u00f4te d&#039;Ivoire","publisher":{"@id":"https:\/\/immobilierivoirien.com\/#organization"},"potentialAction":[{"@type":"SearchAction","target":{"@type":"EntryPoint","urlTemplate":"https:\/\/immobilierivoirien.com\/?s={search_term_string}"},"query-input":{"@type":"PropertyValueSpecification","valueRequired":true,"valueName":"search_term_string"}}],"inLanguage":"fr-FR"},{"@type":"Organization","@id":"https:\/\/immobilierivoirien.com\/#organization","name":"Immobilier Ivoirien","url":"https:\/\/immobilierivoirien.com\/","logo":{"@type":"ImageObject","inLanguage":"fr-FR","@id":"https:\/\/immobilierivoirien.com\/#\/schema\/logo\/image\/","url":"https:\/\/immobilierivoirien.com\/wp-content\/uploads\/2023\/07\/cropped-cropped-ARR1.png","contentUrl":"https:\/\/immobilierivoirien.com\/wp-content\/uploads\/2023\/07\/cropped-cropped-ARR1.png","width":512,"height":512,"caption":"Immobilier Ivoirien"},"image":{"@id":"https:\/\/immobilierivoirien.com\/#\/schema\/logo\/image\/"}},{"@type":"Person","@id":"https:\/\/immobilierivoirien.com\/#\/schema\/person\/7513221f9a0627127c494440d8a976e5","name":"admin","image":{"@type":"ImageObject","inLanguage":"fr-FR","@id":"https:\/\/immobilierivoirien.com\/#\/schema\/person\/image\/","url":"https:\/\/secure.gravatar.com\/avatar\/fc549fb608910b51930168296b73309cddd85b9fb88501c3cc71f0797894f212?s=96&d=mm&r=g","contentUrl":"https:\/\/secure.gravatar.com\/avatar\/fc549fb608910b51930168296b73309cddd85b9fb88501c3cc71f0797894f212?s=96&d=mm&r=g","caption":"admin"},"sameAs":["https:\/\/immobilierivoirien.com"],"url":"https:\/\/immobilierivoirien.com\/index.php\/author\/immoivoirien\/"}]}},"jetpack_featured_media_url":"https:\/\/immobilierivoirien.com\/wp-content\/uploads\/2024\/05\/Atelier-de-formation.jpg","jetpack_sharing_enabled":true,"_links":{"self":[{"href":"https:\/\/immobilierivoirien.com\/index.php\/wp-json\/wp\/v2\/posts\/1635","targetHints":{"allow":["GET"]}}],"collection":[{"href":"https:\/\/immobilierivoirien.com\/index.php\/wp-json\/wp\/v2\/posts"}],"about":[{"href":"https:\/\/immobilierivoirien.com\/index.php\/wp-json\/wp\/v2\/types\/post"}],"author":[{"embeddable":true,"href":"https:\/\/immobilierivoirien.com\/index.php\/wp-json\/wp\/v2\/users\/1"}],"replies":[{"embeddable":true,"href":"https:\/\/immobilierivoirien.com\/index.php\/wp-json\/wp\/v2\/comments?post=1635"}],"version-history":[{"count":9,"href":"https:\/\/immobilierivoirien.com\/index.php\/wp-json\/wp\/v2\/posts\/1635\/revisions"}],"predecessor-version":[{"id":1651,"href":"https:\/\/immobilierivoirien.com\/index.php\/wp-json\/wp\/v2\/posts\/1635\/revisions\/1651"}],"wp:featuredmedia":[{"embeddable":true,"href":"https:\/\/immobilierivoirien.com\/index.php\/wp-json\/wp\/v2\/media\/1640"}],"wp:attachment":[{"href":"https:\/\/immobilierivoirien.com\/index.php\/wp-json\/wp\/v2\/media?parent=1635"}],"wp:term":[{"taxonomy":"category","embeddable":true,"href":"https:\/\/immobilierivoirien.com\/index.php\/wp-json\/wp\/v2\/categories?post=1635"},{"taxonomy":"post_tag","embeddable":true,"href":"https:\/\/immobilierivoirien.com\/index.php\/wp-json\/wp\/v2\/tags?post=1635"}],"curies":[{"name":"wp","href":"https:\/\/api.w.org\/{rel}","templated":true}]}}