{"id":1767,"date":"2025-03-19T15:17:34","date_gmt":"2025-03-19T15:17:34","guid":{"rendered":"https:\/\/immobilierivoirien.com\/?p=1767"},"modified":"2025-03-21T15:32:39","modified_gmt":"2025-03-21T15:32:39","slug":"delimitation-des-territoires-des-villages-du-grand-abidjan","status":"publish","type":"post","link":"https:\/\/immobilierivoirien.com\/index.php\/2025\/03\/19\/delimitation-des-territoires-des-villages-du-grand-abidjan\/","title":{"rendered":"D\u00e9limitation des Territoires des Villages du Grand Abidjan"},"content":{"rendered":"\n<p>Dans le cadre du Projet de D\u00e9limitation des Territoires des villages inclus dans le Sch\u00e9ma Directeur d\u2019Urbanisme du Grand Abidjan (SDUGA), une r\u00e9union importante s\u2019est tenue le jeudi 6 mars 2025 \u00e0 Anyama. Sous la pr\u00e9sidence de M. SYLLA Ladji Mory, Sous-pr\u00e9fet de la localit\u00e9, cette rencontre a r\u00e9uni les repr\u00e9sentants du Minist\u00e8re de la Construction, du Logement et de l\u2019Urbanisme (MCLU), les autorit\u00e9s locales et les chefferies des douze villages concern\u00e9s.<\/p>\n\n\n\n<p>Dr Jacob KOUAME, Directeur de la Topographie et de la Cartographie (DTC), a pr\u00e9sent\u00e9 les r\u00e9sultats des travaux de d\u00e9limitation r\u00e9alis\u00e9s. Il a d\u00e9taill\u00e9 les contours du projet, mettant en avant son importance pour la planification urbaine et la s\u00e9curisation fonci\u00e8re. Ces travaux permettent de clarifier les limites territoriales et d\u2019\u00e9viter d\u2019\u00e9ventuels conflits fonciers \u00e0 l\u2019avenir.<\/p>\n\n\n\n<p>Les chefs de village pr\u00e9sents ont salu\u00e9 cette initiative et exprim\u00e9 leur gratitude envers le minist\u00e8re et les autorit\u00e9s locales. Toutefois, ils ont demand\u00e9 un temps de r\u00e9flexion afin d\u2019examiner minutieusement les r\u00e9sultats pr\u00e9sent\u00e9s avant d\u2019ent\u00e9riner les conclusions du projet.<\/p>\n\n\n\n<p>Prenant la parole, M. SYLLA Ladji Mory a f\u00e9licit\u00e9 l\u2019ensemble des parties prenantes pour leur engagement et a encourag\u00e9 une collaboration continue pour garantir le succ\u00e8s du projet. Il a insist\u00e9 sur l\u2019importance d\u2019un dialogue constructif afin d\u2019assurer une mise en \u0153uvre harmonieuse de la d\u00e9limitation territoriale.<\/p>\n\n\n\n<p>Cette rencontre marque une \u00e9tape cl\u00e9 dans le processus de modernisation et de structuration du Grand Abidjan, en vue d\u2019un d\u00e9veloppement urbain mieux ma\u00eetris\u00e9 et plus inclusif.<\/p>\n","protected":false},"excerpt":{"rendered":"<p>Dans le cadre du Projet de D\u00e9limitation des Territoires des villages inclus dans le Sch\u00e9ma<\/p>\n","protected":false},"author":1,"featured_media":1768,"comment_status":"open","ping_status":"open","sticky":false,"template":"","format":"standard","meta":{"_jetpack_memberships_contains_paid_content":false,"footnotes":""},"categories":[3,26,41],"tags":[],"class_list":["post-1767","post","type-post","status-publish","format-standard","has-post-thumbnail","hentry","category-actualite","category-foncier","category-urbanisme"],"yoast_head":"<!-- This site is optimized with the Yoast SEO plugin v27.1.1 - https:\/\/yoast.com\/product\/yoast-seo-wordpress\/ -->\n<title>D\u00e9limitation des Territoires des Villages du Grand Abidjan<\/title>\n<meta name=\"description\" content=\"es chefs de village pr\u00e9sents ont salu\u00e9 cette initiative et exprim\u00e9 leur gratitude envers le minist\u00e8re et les autorit\u00e9s locales. Toutefois, ils ont demand\u00e9 un temps de r\u00e9flexion afin d\u2019examiner minutieusement les r\u00e9sultats pr\u00e9sent\u00e9s avant d\u2019ent\u00e9riner les conclusions du projet.\" \/>\n<meta name=\"robots\" content=\"index, follow, max-snippet:-1, max-image-preview:large, max-video-preview:-1\" \/>\n<link rel=\"canonical\" href=\"https:\/\/immobilierivoirien.com\/index.php\/2025\/03\/19\/delimitation-des-territoires-des-villages-du-grand-abidjan\/\" \/>\n<meta property=\"og:locale\" content=\"fr_FR\" \/>\n<meta property=\"og:type\" content=\"article\" \/>\n<meta property=\"og:title\" content=\"D\u00e9limitation des Territoires des Villages du Grand Abidjan\" \/>\n<meta property=\"og:description\" content=\"es chefs de village pr\u00e9sents ont salu\u00e9 cette initiative et exprim\u00e9 leur gratitude envers le minist\u00e8re et les autorit\u00e9s locales. Toutefois, ils ont demand\u00e9 un temps de r\u00e9flexion afin d\u2019examiner minutieusement les r\u00e9sultats pr\u00e9sent\u00e9s avant d\u2019ent\u00e9riner les conclusions du projet.\" \/>\n<meta property=\"og:url\" content=\"https:\/\/immobilierivoirien.com\/index.php\/2025\/03\/19\/delimitation-des-territoires-des-villages-du-grand-abidjan\/\" \/>\n<meta property=\"og:site_name\" content=\"Immobilier Ivoirien\" \/>\n<meta property=\"article:published_time\" content=\"2025-03-19T15:17:34+00:00\" \/>\n<meta property=\"article:modified_time\" content=\"2025-03-21T15:32:39+00:00\" \/>\n<meta property=\"og:image\" content=\"https:\/\/immobilierivoirien.com\/wp-content\/uploads\/2025\/03\/DELIMITATION-DES-TERRITOIRES-DES-VILLAGES-DU-GRAND-ABIDJAN.webp\" \/>\n\t<meta property=\"og:image:width\" content=\"1600\" \/>\n\t<meta property=\"og:image:height\" content=\"1066\" \/>\n\t<meta property=\"og:image:type\" content=\"image\/webp\" \/>\n<meta name=\"author\" content=\"admin\" \/>\n<meta name=\"twitter:card\" content=\"summary_large_image\" \/>\n<meta name=\"twitter:label1\" content=\"\u00c9crit par\" \/>\n\t<meta name=\"twitter:data1\" content=\"admin\" \/>\n\t<meta name=\"twitter:label2\" content=\"Dur\u00e9e de lecture estim\u00e9e\" \/>\n\t<meta name=\"twitter:data2\" content=\"2 minutes\" \/>\n<script type=\"application\/ld+json\" class=\"yoast-schema-graph\">{\"@context\":\"https:\/\/schema.org\",\"@graph\":[{\"@type\":\"Article\",\"@id\":\"https:\/\/immobilierivoirien.com\/index.php\/2025\/03\/19\/delimitation-des-territoires-des-villages-du-grand-abidjan\/#article\",\"isPartOf\":{\"@id\":\"https:\/\/immobilierivoirien.com\/index.php\/2025\/03\/19\/delimitation-des-territoires-des-villages-du-grand-abidjan\/\"},\"author\":{\"name\":\"admin\",\"@id\":\"https:\/\/immobilierivoirien.com\/#\/schema\/person\/7513221f9a0627127c494440d8a976e5\"},\"headline\":\"D\u00e9limitation des Territoires des Villages du Grand Abidjan\",\"datePublished\":\"2025-03-19T15:17:34+00:00\",\"dateModified\":\"2025-03-21T15:32:39+00:00\",\"mainEntityOfPage\":{\"@id\":\"https:\/\/immobilierivoirien.com\/index.php\/2025\/03\/19\/delimitation-des-territoires-des-villages-du-grand-abidjan\/\"},\"wordCount\":291,\"commentCount\":0,\"publisher\":{\"@id\":\"https:\/\/immobilierivoirien.com\/#organization\"},\"image\":{\"@id\":\"https:\/\/immobilierivoirien.com\/index.php\/2025\/03\/19\/delimitation-des-territoires-des-villages-du-grand-abidjan\/#primaryimage\"},\"thumbnailUrl\":\"https:\/\/immobilierivoirien.com\/wp-content\/uploads\/2025\/03\/DELIMITATION-DES-TERRITOIRES-DES-VILLAGES-DU-GRAND-ABIDJAN.webp\",\"articleSection\":[\"Actualit\u00e9\",\"Foncier\",\"Urbanisme\"],\"inLanguage\":\"fr-FR\",\"potentialAction\":[{\"@type\":\"CommentAction\",\"name\":\"Comment\",\"target\":[\"https:\/\/immobilierivoirien.com\/index.php\/2025\/03\/19\/delimitation-des-territoires-des-villages-du-grand-abidjan\/#respond\"]}]},{\"@type\":\"WebPage\",\"@id\":\"https:\/\/immobilierivoirien.com\/index.php\/2025\/03\/19\/delimitation-des-territoires-des-villages-du-grand-abidjan\/\",\"url\":\"https:\/\/immobilierivoirien.com\/index.php\/2025\/03\/19\/delimitation-des-territoires-des-villages-du-grand-abidjan\/\",\"name\":\"D\u00e9limitation des Territoires des Villages du Grand Abidjan\",\"isPartOf\":{\"@id\":\"https:\/\/immobilierivoirien.com\/#website\"},\"primaryImageOfPage\":{\"@id\":\"https:\/\/immobilierivoirien.com\/index.php\/2025\/03\/19\/delimitation-des-territoires-des-villages-du-grand-abidjan\/#primaryimage\"},\"image\":{\"@id\":\"https:\/\/immobilierivoirien.com\/index.php\/2025\/03\/19\/delimitation-des-territoires-des-villages-du-grand-abidjan\/#primaryimage\"},\"thumbnailUrl\":\"https:\/\/immobilierivoirien.com\/wp-content\/uploads\/2025\/03\/DELIMITATION-DES-TERRITOIRES-DES-VILLAGES-DU-GRAND-ABIDJAN.webp\",\"datePublished\":\"2025-03-19T15:17:34+00:00\",\"dateModified\":\"2025-03-21T15:32:39+00:00\",\"description\":\"es chefs de village pr\u00e9sents ont salu\u00e9 cette initiative et exprim\u00e9 leur gratitude envers le minist\u00e8re et les autorit\u00e9s locales. Toutefois, ils ont demand\u00e9 un temps de r\u00e9flexion afin d\u2019examiner minutieusement les r\u00e9sultats pr\u00e9sent\u00e9s avant d\u2019ent\u00e9riner les conclusions du projet.\",\"breadcrumb\":{\"@id\":\"https:\/\/immobilierivoirien.com\/index.php\/2025\/03\/19\/delimitation-des-territoires-des-villages-du-grand-abidjan\/#breadcrumb\"},\"inLanguage\":\"fr-FR\",\"potentialAction\":[{\"@type\":\"ReadAction\",\"target\":[\"https:\/\/immobilierivoirien.com\/index.php\/2025\/03\/19\/delimitation-des-territoires-des-villages-du-grand-abidjan\/\"]}]},{\"@type\":\"ImageObject\",\"inLanguage\":\"fr-FR\",\"@id\":\"https:\/\/immobilierivoirien.com\/index.php\/2025\/03\/19\/delimitation-des-territoires-des-villages-du-grand-abidjan\/#primaryimage\",\"url\":\"https:\/\/immobilierivoirien.com\/wp-content\/uploads\/2025\/03\/DELIMITATION-DES-TERRITOIRES-DES-VILLAGES-DU-GRAND-ABIDJAN.webp\",\"contentUrl\":\"https:\/\/immobilierivoirien.com\/wp-content\/uploads\/2025\/03\/DELIMITATION-DES-TERRITOIRES-DES-VILLAGES-DU-GRAND-ABIDJAN.webp\",\"width\":1600,\"height\":1066},{\"@type\":\"BreadcrumbList\",\"@id\":\"https:\/\/immobilierivoirien.com\/index.php\/2025\/03\/19\/delimitation-des-territoires-des-villages-du-grand-abidjan\/#breadcrumb\",\"itemListElement\":[{\"@type\":\"ListItem\",\"position\":1,\"name\":\"Accueil\",\"item\":\"https:\/\/immobilierivoirien.com\/\"},{\"@type\":\"ListItem\",\"position\":2,\"name\":\"D\u00e9limitation des Territoires des Villages du Grand Abidjan\"}]},{\"@type\":\"WebSite\",\"@id\":\"https:\/\/immobilierivoirien.com\/#website\",\"url\":\"https:\/\/immobilierivoirien.com\/\",\"name\":\"Immobilier Ivoirien\",\"description\":\"Tout sur l&#039;immobilier en C\u00f4te d&#039;Ivoire\",\"publisher\":{\"@id\":\"https:\/\/immobilierivoirien.com\/#organization\"},\"potentialAction\":[{\"@type\":\"SearchAction\",\"target\":{\"@type\":\"EntryPoint\",\"urlTemplate\":\"https:\/\/immobilierivoirien.com\/?s={search_term_string}\"},\"query-input\":{\"@type\":\"PropertyValueSpecification\",\"valueRequired\":true,\"valueName\":\"search_term_string\"}}],\"inLanguage\":\"fr-FR\"},{\"@type\":\"Organization\",\"@id\":\"https:\/\/immobilierivoirien.com\/#organization\",\"name\":\"Immobilier Ivoirien\",\"url\":\"https:\/\/immobilierivoirien.com\/\",\"logo\":{\"@type\":\"ImageObject\",\"inLanguage\":\"fr-FR\",\"@id\":\"https:\/\/immobilierivoirien.com\/#\/schema\/logo\/image\/\",\"url\":\"https:\/\/immobilierivoirien.com\/wp-content\/uploads\/2023\/07\/cropped-cropped-ARR1.png\",\"contentUrl\":\"https:\/\/immobilierivoirien.com\/wp-content\/uploads\/2023\/07\/cropped-cropped-ARR1.png\",\"width\":512,\"height\":512,\"caption\":\"Immobilier Ivoirien\"},\"image\":{\"@id\":\"https:\/\/immobilierivoirien.com\/#\/schema\/logo\/image\/\"}},{\"@type\":\"Person\",\"@id\":\"https:\/\/immobilierivoirien.com\/#\/schema\/person\/7513221f9a0627127c494440d8a976e5\",\"name\":\"admin\",\"image\":{\"@type\":\"ImageObject\",\"inLanguage\":\"fr-FR\",\"@id\":\"https:\/\/immobilierivoirien.com\/#\/schema\/person\/image\/\",\"url\":\"https:\/\/secure.gravatar.com\/avatar\/fc549fb608910b51930168296b73309cddd85b9fb88501c3cc71f0797894f212?s=96&d=mm&r=g\",\"contentUrl\":\"https:\/\/secure.gravatar.com\/avatar\/fc549fb608910b51930168296b73309cddd85b9fb88501c3cc71f0797894f212?s=96&d=mm&r=g\",\"caption\":\"admin\"},\"sameAs\":[\"https:\/\/immobilierivoirien.com\"],\"url\":\"https:\/\/immobilierivoirien.com\/index.php\/author\/immoivoirien\/\"}]}<\/script>\n<!-- \/ Yoast SEO plugin. -->","yoast_head_json":{"title":"D\u00e9limitation des Territoires des Villages du Grand Abidjan","description":"es chefs de village pr\u00e9sents ont salu\u00e9 cette initiative et exprim\u00e9 leur gratitude envers le minist\u00e8re et les autorit\u00e9s locales. Toutefois, ils ont demand\u00e9 un temps de r\u00e9flexion afin d\u2019examiner minutieusement les r\u00e9sultats pr\u00e9sent\u00e9s avant d\u2019ent\u00e9riner les conclusions du projet.","robots":{"index":"index","follow":"follow","max-snippet":"max-snippet:-1","max-image-preview":"max-image-preview:large","max-video-preview":"max-video-preview:-1"},"canonical":"https:\/\/immobilierivoirien.com\/index.php\/2025\/03\/19\/delimitation-des-territoires-des-villages-du-grand-abidjan\/","og_locale":"fr_FR","og_type":"article","og_title":"D\u00e9limitation des Territoires des Villages du Grand Abidjan","og_description":"es chefs de village pr\u00e9sents ont salu\u00e9 cette initiative et exprim\u00e9 leur gratitude envers le minist\u00e8re et les autorit\u00e9s locales. Toutefois, ils ont demand\u00e9 un temps de r\u00e9flexion afin d\u2019examiner minutieusement les r\u00e9sultats pr\u00e9sent\u00e9s avant d\u2019ent\u00e9riner les conclusions du projet.","og_url":"https:\/\/immobilierivoirien.com\/index.php\/2025\/03\/19\/delimitation-des-territoires-des-villages-du-grand-abidjan\/","og_site_name":"Immobilier Ivoirien","article_published_time":"2025-03-19T15:17:34+00:00","article_modified_time":"2025-03-21T15:32:39+00:00","og_image":[{"width":1600,"height":1066,"url":"https:\/\/immobilierivoirien.com\/wp-content\/uploads\/2025\/03\/DELIMITATION-DES-TERRITOIRES-DES-VILLAGES-DU-GRAND-ABIDJAN.webp","type":"image\/webp"}],"author":"admin","twitter_card":"summary_large_image","twitter_misc":{"\u00c9crit par":"admin","Dur\u00e9e de lecture estim\u00e9e":"2 minutes"},"schema":{"@context":"https:\/\/schema.org","@graph":[{"@type":"Article","@id":"https:\/\/immobilierivoirien.com\/index.php\/2025\/03\/19\/delimitation-des-territoires-des-villages-du-grand-abidjan\/#article","isPartOf":{"@id":"https:\/\/immobilierivoirien.com\/index.php\/2025\/03\/19\/delimitation-des-territoires-des-villages-du-grand-abidjan\/"},"author":{"name":"admin","@id":"https:\/\/immobilierivoirien.com\/#\/schema\/person\/7513221f9a0627127c494440d8a976e5"},"headline":"D\u00e9limitation des Territoires des Villages du Grand Abidjan","datePublished":"2025-03-19T15:17:34+00:00","dateModified":"2025-03-21T15:32:39+00:00","mainEntityOfPage":{"@id":"https:\/\/immobilierivoirien.com\/index.php\/2025\/03\/19\/delimitation-des-territoires-des-villages-du-grand-abidjan\/"},"wordCount":291,"commentCount":0,"publisher":{"@id":"https:\/\/immobilierivoirien.com\/#organization"},"image":{"@id":"https:\/\/immobilierivoirien.com\/index.php\/2025\/03\/19\/delimitation-des-territoires-des-villages-du-grand-abidjan\/#primaryimage"},"thumbnailUrl":"https:\/\/immobilierivoirien.com\/wp-content\/uploads\/2025\/03\/DELIMITATION-DES-TERRITOIRES-DES-VILLAGES-DU-GRAND-ABIDJAN.webp","articleSection":["Actualit\u00e9","Foncier","Urbanisme"],"inLanguage":"fr-FR","potentialAction":[{"@type":"CommentAction","name":"Comment","target":["https:\/\/immobilierivoirien.com\/index.php\/2025\/03\/19\/delimitation-des-territoires-des-villages-du-grand-abidjan\/#respond"]}]},{"@type":"WebPage","@id":"https:\/\/immobilierivoirien.com\/index.php\/2025\/03\/19\/delimitation-des-territoires-des-villages-du-grand-abidjan\/","url":"https:\/\/immobilierivoirien.com\/index.php\/2025\/03\/19\/delimitation-des-territoires-des-villages-du-grand-abidjan\/","name":"D\u00e9limitation des Territoires des Villages du Grand Abidjan","isPartOf":{"@id":"https:\/\/immobilierivoirien.com\/#website"},"primaryImageOfPage":{"@id":"https:\/\/immobilierivoirien.com\/index.php\/2025\/03\/19\/delimitation-des-territoires-des-villages-du-grand-abidjan\/#primaryimage"},"image":{"@id":"https:\/\/immobilierivoirien.com\/index.php\/2025\/03\/19\/delimitation-des-territoires-des-villages-du-grand-abidjan\/#primaryimage"},"thumbnailUrl":"https:\/\/immobilierivoirien.com\/wp-content\/uploads\/2025\/03\/DELIMITATION-DES-TERRITOIRES-DES-VILLAGES-DU-GRAND-ABIDJAN.webp","datePublished":"2025-03-19T15:17:34+00:00","dateModified":"2025-03-21T15:32:39+00:00","description":"es chefs de village pr\u00e9sents ont salu\u00e9 cette initiative et exprim\u00e9 leur gratitude envers le minist\u00e8re et les autorit\u00e9s locales. Toutefois, ils ont demand\u00e9 un temps de r\u00e9flexion afin d\u2019examiner minutieusement les r\u00e9sultats pr\u00e9sent\u00e9s avant d\u2019ent\u00e9riner les conclusions du projet.","breadcrumb":{"@id":"https:\/\/immobilierivoirien.com\/index.php\/2025\/03\/19\/delimitation-des-territoires-des-villages-du-grand-abidjan\/#breadcrumb"},"inLanguage":"fr-FR","potentialAction":[{"@type":"ReadAction","target":["https:\/\/immobilierivoirien.com\/index.php\/2025\/03\/19\/delimitation-des-territoires-des-villages-du-grand-abidjan\/"]}]},{"@type":"ImageObject","inLanguage":"fr-FR","@id":"https:\/\/immobilierivoirien.com\/index.php\/2025\/03\/19\/delimitation-des-territoires-des-villages-du-grand-abidjan\/#primaryimage","url":"https:\/\/immobilierivoirien.com\/wp-content\/uploads\/2025\/03\/DELIMITATION-DES-TERRITOIRES-DES-VILLAGES-DU-GRAND-ABIDJAN.webp","contentUrl":"https:\/\/immobilierivoirien.com\/wp-content\/uploads\/2025\/03\/DELIMITATION-DES-TERRITOIRES-DES-VILLAGES-DU-GRAND-ABIDJAN.webp","width":1600,"height":1066},{"@type":"BreadcrumbList","@id":"https:\/\/immobilierivoirien.com\/index.php\/2025\/03\/19\/delimitation-des-territoires-des-villages-du-grand-abidjan\/#breadcrumb","itemListElement":[{"@type":"ListItem","position":1,"name":"Accueil","item":"https:\/\/immobilierivoirien.com\/"},{"@type":"ListItem","position":2,"name":"D\u00e9limitation des Territoires des Villages du Grand Abidjan"}]},{"@type":"WebSite","@id":"https:\/\/immobilierivoirien.com\/#website","url":"https:\/\/immobilierivoirien.com\/","name":"Immobilier Ivoirien","description":"Tout sur l&#039;immobilier en C\u00f4te d&#039;Ivoire","publisher":{"@id":"https:\/\/immobilierivoirien.com\/#organization"},"potentialAction":[{"@type":"SearchAction","target":{"@type":"EntryPoint","urlTemplate":"https:\/\/immobilierivoirien.com\/?s={search_term_string}"},"query-input":{"@type":"PropertyValueSpecification","valueRequired":true,"valueName":"search_term_string"}}],"inLanguage":"fr-FR"},{"@type":"Organization","@id":"https:\/\/immobilierivoirien.com\/#organization","name":"Immobilier Ivoirien","url":"https:\/\/immobilierivoirien.com\/","logo":{"@type":"ImageObject","inLanguage":"fr-FR","@id":"https:\/\/immobilierivoirien.com\/#\/schema\/logo\/image\/","url":"https:\/\/immobilierivoirien.com\/wp-content\/uploads\/2023\/07\/cropped-cropped-ARR1.png","contentUrl":"https:\/\/immobilierivoirien.com\/wp-content\/uploads\/2023\/07\/cropped-cropped-ARR1.png","width":512,"height":512,"caption":"Immobilier Ivoirien"},"image":{"@id":"https:\/\/immobilierivoirien.com\/#\/schema\/logo\/image\/"}},{"@type":"Person","@id":"https:\/\/immobilierivoirien.com\/#\/schema\/person\/7513221f9a0627127c494440d8a976e5","name":"admin","image":{"@type":"ImageObject","inLanguage":"fr-FR","@id":"https:\/\/immobilierivoirien.com\/#\/schema\/person\/image\/","url":"https:\/\/secure.gravatar.com\/avatar\/fc549fb608910b51930168296b73309cddd85b9fb88501c3cc71f0797894f212?s=96&d=mm&r=g","contentUrl":"https:\/\/secure.gravatar.com\/avatar\/fc549fb608910b51930168296b73309cddd85b9fb88501c3cc71f0797894f212?s=96&d=mm&r=g","caption":"admin"},"sameAs":["https:\/\/immobilierivoirien.com"],"url":"https:\/\/immobilierivoirien.com\/index.php\/author\/immoivoirien\/"}]}},"jetpack_featured_media_url":"https:\/\/immobilierivoirien.com\/wp-content\/uploads\/2025\/03\/DELIMITATION-DES-TERRITOIRES-DES-VILLAGES-DU-GRAND-ABIDJAN.webp","jetpack_sharing_enabled":true,"_links":{"self":[{"href":"https:\/\/immobilierivoirien.com\/index.php\/wp-json\/wp\/v2\/posts\/1767","targetHints":{"allow":["GET"]}}],"collection":[{"href":"https:\/\/immobilierivoirien.com\/index.php\/wp-json\/wp\/v2\/posts"}],"about":[{"href":"https:\/\/immobilierivoirien.com\/index.php\/wp-json\/wp\/v2\/types\/post"}],"author":[{"embeddable":true,"href":"https:\/\/immobilierivoirien.com\/index.php\/wp-json\/wp\/v2\/users\/1"}],"replies":[{"embeddable":true,"href":"https:\/\/immobilierivoirien.com\/index.php\/wp-json\/wp\/v2\/comments?post=1767"}],"version-history":[{"count":1,"href":"https:\/\/immobilierivoirien.com\/index.php\/wp-json\/wp\/v2\/posts\/1767\/revisions"}],"predecessor-version":[{"id":1769,"href":"https:\/\/immobilierivoirien.com\/index.php\/wp-json\/wp\/v2\/posts\/1767\/revisions\/1769"}],"wp:featuredmedia":[{"embeddable":true,"href":"https:\/\/immobilierivoirien.com\/index.php\/wp-json\/wp\/v2\/media\/1768"}],"wp:attachment":[{"href":"https:\/\/immobilierivoirien.com\/index.php\/wp-json\/wp\/v2\/media?parent=1767"}],"wp:term":[{"taxonomy":"category","embeddable":true,"href":"https:\/\/immobilierivoirien.com\/index.php\/wp-json\/wp\/v2\/categories?post=1767"},{"taxonomy":"post_tag","embeddable":true,"href":"https:\/\/immobilierivoirien.com\/index.php\/wp-json\/wp\/v2\/tags?post=1767"}],"curies":[{"name":"wp","href":"https:\/\/api.w.org\/{rel}","templated":true}]}}