{"id":1781,"date":"2025-04-09T21:33:59","date_gmt":"2025-04-09T21:33:59","guid":{"rendered":"https:\/\/immobilierivoirien.com\/?p=1781"},"modified":"2025-04-13T21:36:52","modified_gmt":"2025-04-13T21:36:52","slug":"archibat-2025-le-ministre-bruno-kone-lance-la-10e-edition-du-salon-de-larchitecture-et-du-batiment","status":"publish","type":"post","link":"https:\/\/immobilierivoirien.com\/index.php\/2025\/04\/09\/archibat-2025-le-ministre-bruno-kone-lance-la-10e-edition-du-salon-de-larchitecture-et-du-batiment\/","title":{"rendered":"ARCHIBAT 2025 : Le Ministre Bruno KON\u00c9 lance la 10e \u00e9dition du Salon de l\u2019Architecture et du B\u00e2timent"},"content":{"rendered":"\n<p><em>Abidjan, le 11 avril 2025<\/em> \u2013 Le Parc des Expositions d\u2019Abidjan a vibr\u00e9 ce vendredi \u00e0 l\u2019occasion de la c\u00e9r\u00e9monie d\u2019ouverture de la 10e \u00e9dition du Salon de l\u2019Architecture et du B\u00e2timent, plus connu sous le nom d\u2019<strong>ARCHIBAT<\/strong>. Plac\u00e9e sous le th\u00e8me <strong>\u00ab Architecture et renouvellement urbain \u00bb<\/strong>, cette \u00e9dition a \u00e9t\u00e9 solennellement ouverte par <strong>le Ministre de la Construction, du Logement et de l\u2019Urbanisme, Bruno Nabagn\u00e9 KON\u00c9<\/strong>, en pr\u00e9sence de nombreuses personnalit\u00e9s et professionnels du secteur.<\/p>\n\n\n\n<p>Dans son discours inaugural, le ministre Bruno KON\u00c9 a mis en lumi\u00e8re les nombreuses r\u00e9formes entreprises par son d\u00e9partement pour assainir et moderniser la gestion du foncier urbain en C\u00f4te d\u2019Ivoire. Face aux d\u00e9fis persistants d\u2019anarchie et d\u2019ins\u00e9curit\u00e9 fonci\u00e8re, le gouvernement a mis en place un ensemble d\u2019outils juridiques et technologiques pour garantir <strong>transparence, tra\u00e7abilit\u00e9 et s\u00e9curit\u00e9 des transactions fonci\u00e8res<\/strong>.<\/p>\n\n\n\n<p>Parmi les r\u00e9formes majeures, le ministre a cit\u00e9 :<\/p>\n\n\n\n<ul class=\"wp-block-list\">\n<li><strong>Le Syst\u00e8me Int\u00e9gr\u00e9 de Gestion du Foncier Urbain (SIGFU)<\/strong>, qui permet une interconnexion des donn\u00e9es fonci\u00e8res pour une gestion plus efficace ;<\/li>\n\n\n\n<li><strong>Le Code de l&rsquo;Urbanisme et du Domaine Foncier Urbain<\/strong>, adopt\u00e9 en 2020 ;<\/li>\n\n\n\n<li><strong>La r\u00e9glementation des lotissements<\/strong>, d\u00e9sormais encadr\u00e9e par le d\u00e9cret n\u00b02021-784 du 8 d\u00e9cembre 2021 ;<\/li>\n\n\n\n<li><strong>Le R\u00e9f\u00e9rentiel G\u00e9od\u00e9sique Unique<\/strong>, destin\u00e9 \u00e0 uniformiser la lecture spatiale du territoire urbain ;<\/li>\n\n\n\n<li>Et <strong>l\u2019Attestation de Droit d\u2019Usage Coutumier (ADU)<\/strong>, consid\u00e9r\u00e9e comme une avanc\u00e9e notable dans la s\u00e9curisation des droits fonciers coutumiers.<\/li>\n<\/ul>\n\n\n\n<p>Le Ministre KON\u00c9 a tenu \u00e0 dissiper les malentendus autour de l\u2019ADU, pr\u00e9cisant qu\u2019il s\u2019agit <strong>d\u2019un m\u00e9canisme de reconnaissance l\u00e9gale de la propri\u00e9t\u00e9 coutumi\u00e8re<\/strong>, et non d\u2019un outil d\u2019expropriation. \u00ab L\u2019ADU prot\u00e8ge \u00e0 la fois les droits des populations et ceux des acqu\u00e9reurs. Elle \u00e9vite les attributions multiples sur une m\u00eame parcelle \u00bb, a-t-il soulign\u00e9, rassurant sur la baisse progressive des litiges gr\u00e2ce \u00e0 une meilleure visibilit\u00e9 sur la situation fonci\u00e8re.<\/p>\n\n\n\n<p>La c\u00e9r\u00e9monie s\u2019est poursuivie par une <strong>visite guid\u00e9e des stands<\/strong>, marquant ainsi le coup d\u2019envoi officiel de cet \u00e9v\u00e9nement devenu un rendez-vous incontournable pour les acteurs de l\u2019am\u00e9nagement, de la construction et de l\u2019urbanisme en C\u00f4te d\u2019Ivoire et dans la sous-r\u00e9gion.<\/p>\n\n\n\n<p><strong>ARCHIBAT 2025<\/strong> se tient du <strong>11 au 15 avril<\/strong> et promet d\u2019\u00eatre un espace d\u2019\u00e9changes, d\u2019innovation et de r\u00e9flexions sur l\u2019avenir des villes africaines.<\/p>\n","protected":false},"excerpt":{"rendered":"<p>Abidjan, le 11 avril 2025 \u2013 Le Parc des Expositions d\u2019Abidjan a vibr\u00e9 ce vendredi<\/p>\n","protected":false},"author":1,"featured_media":1782,"comment_status":"open","ping_status":"open","sticky":false,"template":"","format":"standard","meta":{"_jetpack_memberships_contains_paid_content":false,"footnotes":""},"categories":[3,27,41],"tags":[13,35,34,42],"class_list":["post-1781","post","type-post","status-publish","format-standard","has-post-thumbnail","hentry","category-actualite","category-construction","category-urbanisme","tag-immobilier_ivoirien","tag-ministere-de-la-construction","tag-slide","tag-urbanisme"],"yoast_head":"<!-- This site is optimized with the Yoast SEO plugin v27.1.1 - https:\/\/yoast.com\/product\/yoast-seo-wordpress\/ -->\n<title>ARCHIBAT 2025 : Le Ministre Bruno KON\u00c9 lance la 10e \u00e9dition du Salon de l\u2019Architecture et du B\u00e2timent - Immobilier Ivoirien<\/title>\n<meta name=\"robots\" content=\"index, follow, max-snippet:-1, max-image-preview:large, max-video-preview:-1\" \/>\n<link rel=\"canonical\" href=\"https:\/\/immobilierivoirien.com\/index.php\/2025\/04\/09\/archibat-2025-le-ministre-bruno-kone-lance-la-10e-edition-du-salon-de-larchitecture-et-du-batiment\/\" \/>\n<meta property=\"og:locale\" content=\"fr_FR\" \/>\n<meta property=\"og:type\" content=\"article\" \/>\n<meta property=\"og:title\" content=\"ARCHIBAT 2025 : Le Ministre Bruno KON\u00c9 lance la 10e \u00e9dition du Salon de l\u2019Architecture et du B\u00e2timent - Immobilier Ivoirien\" \/>\n<meta property=\"og:description\" content=\"Abidjan, le 11 avril 2025 \u2013 Le Parc des Expositions d\u2019Abidjan a vibr\u00e9 ce vendredi\" \/>\n<meta property=\"og:url\" content=\"https:\/\/immobilierivoirien.com\/index.php\/2025\/04\/09\/archibat-2025-le-ministre-bruno-kone-lance-la-10e-edition-du-salon-de-larchitecture-et-du-batiment\/\" \/>\n<meta property=\"og:site_name\" content=\"Immobilier Ivoirien\" \/>\n<meta property=\"article:published_time\" content=\"2025-04-09T21:33:59+00:00\" \/>\n<meta property=\"article:modified_time\" content=\"2025-04-13T21:36:52+00:00\" \/>\n<meta property=\"og:image\" content=\"https:\/\/immobilierivoirien.com\/wp-content\/uploads\/2025\/04\/ARCHIBAT-2025.webp\" \/>\n\t<meta property=\"og:image:width\" content=\"1600\" \/>\n\t<meta property=\"og:image:height\" content=\"1066\" \/>\n\t<meta property=\"og:image:type\" content=\"image\/webp\" \/>\n<meta name=\"author\" content=\"admin\" \/>\n<meta name=\"twitter:card\" content=\"summary_large_image\" \/>\n<meta name=\"twitter:label1\" content=\"\u00c9crit par\" \/>\n\t<meta name=\"twitter:data1\" content=\"admin\" \/>\n\t<meta name=\"twitter:label2\" content=\"Dur\u00e9e de lecture estim\u00e9e\" \/>\n\t<meta name=\"twitter:data2\" content=\"3 minutes\" \/>\n<script type=\"application\/ld+json\" class=\"yoast-schema-graph\">{\"@context\":\"https:\/\/schema.org\",\"@graph\":[{\"@type\":\"Article\",\"@id\":\"https:\/\/immobilierivoirien.com\/index.php\/2025\/04\/09\/archibat-2025-le-ministre-bruno-kone-lance-la-10e-edition-du-salon-de-larchitecture-et-du-batiment\/#article\",\"isPartOf\":{\"@id\":\"https:\/\/immobilierivoirien.com\/index.php\/2025\/04\/09\/archibat-2025-le-ministre-bruno-kone-lance-la-10e-edition-du-salon-de-larchitecture-et-du-batiment\/\"},\"author\":{\"name\":\"admin\",\"@id\":\"https:\/\/immobilierivoirien.com\/#\/schema\/person\/7513221f9a0627127c494440d8a976e5\"},\"headline\":\"ARCHIBAT 2025 : Le Ministre Bruno KON\u00c9 lance la 10e \u00e9dition du Salon de l\u2019Architecture et du B\u00e2timent\",\"datePublished\":\"2025-04-09T21:33:59+00:00\",\"dateModified\":\"2025-04-13T21:36:52+00:00\",\"mainEntityOfPage\":{\"@id\":\"https:\/\/immobilierivoirien.com\/index.php\/2025\/04\/09\/archibat-2025-le-ministre-bruno-kone-lance-la-10e-edition-du-salon-de-larchitecture-et-du-batiment\/\"},\"wordCount\":443,\"commentCount\":0,\"publisher\":{\"@id\":\"https:\/\/immobilierivoirien.com\/#organization\"},\"image\":{\"@id\":\"https:\/\/immobilierivoirien.com\/index.php\/2025\/04\/09\/archibat-2025-le-ministre-bruno-kone-lance-la-10e-edition-du-salon-de-larchitecture-et-du-batiment\/#primaryimage\"},\"thumbnailUrl\":\"https:\/\/immobilierivoirien.com\/wp-content\/uploads\/2025\/04\/ARCHIBAT-2025.webp\",\"keywords\":[\"Immobilier Ivoirien\",\"minist\u00e8re de la construction\",\"slide\",\"urbanisme\"],\"articleSection\":[\"Actualit\u00e9\",\"Construction\",\"Urbanisme\"],\"inLanguage\":\"fr-FR\",\"potentialAction\":[{\"@type\":\"CommentAction\",\"name\":\"Comment\",\"target\":[\"https:\/\/immobilierivoirien.com\/index.php\/2025\/04\/09\/archibat-2025-le-ministre-bruno-kone-lance-la-10e-edition-du-salon-de-larchitecture-et-du-batiment\/#respond\"]}]},{\"@type\":\"WebPage\",\"@id\":\"https:\/\/immobilierivoirien.com\/index.php\/2025\/04\/09\/archibat-2025-le-ministre-bruno-kone-lance-la-10e-edition-du-salon-de-larchitecture-et-du-batiment\/\",\"url\":\"https:\/\/immobilierivoirien.com\/index.php\/2025\/04\/09\/archibat-2025-le-ministre-bruno-kone-lance-la-10e-edition-du-salon-de-larchitecture-et-du-batiment\/\",\"name\":\"ARCHIBAT 2025 : Le Ministre Bruno KON\u00c9 lance la 10e \u00e9dition du Salon de l\u2019Architecture et du B\u00e2timent - Immobilier Ivoirien\",\"isPartOf\":{\"@id\":\"https:\/\/immobilierivoirien.com\/#website\"},\"primaryImageOfPage\":{\"@id\":\"https:\/\/immobilierivoirien.com\/index.php\/2025\/04\/09\/archibat-2025-le-ministre-bruno-kone-lance-la-10e-edition-du-salon-de-larchitecture-et-du-batiment\/#primaryimage\"},\"image\":{\"@id\":\"https:\/\/immobilierivoirien.com\/index.php\/2025\/04\/09\/archibat-2025-le-ministre-bruno-kone-lance-la-10e-edition-du-salon-de-larchitecture-et-du-batiment\/#primaryimage\"},\"thumbnailUrl\":\"https:\/\/immobilierivoirien.com\/wp-content\/uploads\/2025\/04\/ARCHIBAT-2025.webp\",\"datePublished\":\"2025-04-09T21:33:59+00:00\",\"dateModified\":\"2025-04-13T21:36:52+00:00\",\"breadcrumb\":{\"@id\":\"https:\/\/immobilierivoirien.com\/index.php\/2025\/04\/09\/archibat-2025-le-ministre-bruno-kone-lance-la-10e-edition-du-salon-de-larchitecture-et-du-batiment\/#breadcrumb\"},\"inLanguage\":\"fr-FR\",\"potentialAction\":[{\"@type\":\"ReadAction\",\"target\":[\"https:\/\/immobilierivoirien.com\/index.php\/2025\/04\/09\/archibat-2025-le-ministre-bruno-kone-lance-la-10e-edition-du-salon-de-larchitecture-et-du-batiment\/\"]}]},{\"@type\":\"ImageObject\",\"inLanguage\":\"fr-FR\",\"@id\":\"https:\/\/immobilierivoirien.com\/index.php\/2025\/04\/09\/archibat-2025-le-ministre-bruno-kone-lance-la-10e-edition-du-salon-de-larchitecture-et-du-batiment\/#primaryimage\",\"url\":\"https:\/\/immobilierivoirien.com\/wp-content\/uploads\/2025\/04\/ARCHIBAT-2025.webp\",\"contentUrl\":\"https:\/\/immobilierivoirien.com\/wp-content\/uploads\/2025\/04\/ARCHIBAT-2025.webp\",\"width\":1600,\"height\":1066},{\"@type\":\"BreadcrumbList\",\"@id\":\"https:\/\/immobilierivoirien.com\/index.php\/2025\/04\/09\/archibat-2025-le-ministre-bruno-kone-lance-la-10e-edition-du-salon-de-larchitecture-et-du-batiment\/#breadcrumb\",\"itemListElement\":[{\"@type\":\"ListItem\",\"position\":1,\"name\":\"Accueil\",\"item\":\"https:\/\/immobilierivoirien.com\/\"},{\"@type\":\"ListItem\",\"position\":2,\"name\":\"ARCHIBAT 2025 : Le Ministre Bruno KON\u00c9 lance la 10e \u00e9dition du Salon de l\u2019Architecture et du B\u00e2timent\"}]},{\"@type\":\"WebSite\",\"@id\":\"https:\/\/immobilierivoirien.com\/#website\",\"url\":\"https:\/\/immobilierivoirien.com\/\",\"name\":\"Immobilier Ivoirien\",\"description\":\"Tout sur l&#039;immobilier en C\u00f4te d&#039;Ivoire\",\"publisher\":{\"@id\":\"https:\/\/immobilierivoirien.com\/#organization\"},\"potentialAction\":[{\"@type\":\"SearchAction\",\"target\":{\"@type\":\"EntryPoint\",\"urlTemplate\":\"https:\/\/immobilierivoirien.com\/?s={search_term_string}\"},\"query-input\":{\"@type\":\"PropertyValueSpecification\",\"valueRequired\":true,\"valueName\":\"search_term_string\"}}],\"inLanguage\":\"fr-FR\"},{\"@type\":\"Organization\",\"@id\":\"https:\/\/immobilierivoirien.com\/#organization\",\"name\":\"Immobilier Ivoirien\",\"url\":\"https:\/\/immobilierivoirien.com\/\",\"logo\":{\"@type\":\"ImageObject\",\"inLanguage\":\"fr-FR\",\"@id\":\"https:\/\/immobilierivoirien.com\/#\/schema\/logo\/image\/\",\"url\":\"https:\/\/immobilierivoirien.com\/wp-content\/uploads\/2023\/07\/cropped-cropped-ARR1.png\",\"contentUrl\":\"https:\/\/immobilierivoirien.com\/wp-content\/uploads\/2023\/07\/cropped-cropped-ARR1.png\",\"width\":512,\"height\":512,\"caption\":\"Immobilier Ivoirien\"},\"image\":{\"@id\":\"https:\/\/immobilierivoirien.com\/#\/schema\/logo\/image\/\"}},{\"@type\":\"Person\",\"@id\":\"https:\/\/immobilierivoirien.com\/#\/schema\/person\/7513221f9a0627127c494440d8a976e5\",\"name\":\"admin\",\"image\":{\"@type\":\"ImageObject\",\"inLanguage\":\"fr-FR\",\"@id\":\"https:\/\/immobilierivoirien.com\/#\/schema\/person\/image\/\",\"url\":\"https:\/\/secure.gravatar.com\/avatar\/fc549fb608910b51930168296b73309cddd85b9fb88501c3cc71f0797894f212?s=96&d=mm&r=g\",\"contentUrl\":\"https:\/\/secure.gravatar.com\/avatar\/fc549fb608910b51930168296b73309cddd85b9fb88501c3cc71f0797894f212?s=96&d=mm&r=g\",\"caption\":\"admin\"},\"sameAs\":[\"https:\/\/immobilierivoirien.com\"],\"url\":\"https:\/\/immobilierivoirien.com\/index.php\/author\/immoivoirien\/\"}]}<\/script>\n<!-- \/ Yoast SEO plugin. -->","yoast_head_json":{"title":"ARCHIBAT 2025 : Le Ministre Bruno KON\u00c9 lance la 10e \u00e9dition du Salon de l\u2019Architecture et du B\u00e2timent - Immobilier Ivoirien","robots":{"index":"index","follow":"follow","max-snippet":"max-snippet:-1","max-image-preview":"max-image-preview:large","max-video-preview":"max-video-preview:-1"},"canonical":"https:\/\/immobilierivoirien.com\/index.php\/2025\/04\/09\/archibat-2025-le-ministre-bruno-kone-lance-la-10e-edition-du-salon-de-larchitecture-et-du-batiment\/","og_locale":"fr_FR","og_type":"article","og_title":"ARCHIBAT 2025 : Le Ministre Bruno KON\u00c9 lance la 10e \u00e9dition du Salon de l\u2019Architecture et du B\u00e2timent - Immobilier Ivoirien","og_description":"Abidjan, le 11 avril 2025 \u2013 Le Parc des Expositions d\u2019Abidjan a vibr\u00e9 ce vendredi","og_url":"https:\/\/immobilierivoirien.com\/index.php\/2025\/04\/09\/archibat-2025-le-ministre-bruno-kone-lance-la-10e-edition-du-salon-de-larchitecture-et-du-batiment\/","og_site_name":"Immobilier Ivoirien","article_published_time":"2025-04-09T21:33:59+00:00","article_modified_time":"2025-04-13T21:36:52+00:00","og_image":[{"width":1600,"height":1066,"url":"https:\/\/immobilierivoirien.com\/wp-content\/uploads\/2025\/04\/ARCHIBAT-2025.webp","type":"image\/webp"}],"author":"admin","twitter_card":"summary_large_image","twitter_misc":{"\u00c9crit par":"admin","Dur\u00e9e de lecture estim\u00e9e":"3 minutes"},"schema":{"@context":"https:\/\/schema.org","@graph":[{"@type":"Article","@id":"https:\/\/immobilierivoirien.com\/index.php\/2025\/04\/09\/archibat-2025-le-ministre-bruno-kone-lance-la-10e-edition-du-salon-de-larchitecture-et-du-batiment\/#article","isPartOf":{"@id":"https:\/\/immobilierivoirien.com\/index.php\/2025\/04\/09\/archibat-2025-le-ministre-bruno-kone-lance-la-10e-edition-du-salon-de-larchitecture-et-du-batiment\/"},"author":{"name":"admin","@id":"https:\/\/immobilierivoirien.com\/#\/schema\/person\/7513221f9a0627127c494440d8a976e5"},"headline":"ARCHIBAT 2025 : Le Ministre Bruno KON\u00c9 lance la 10e \u00e9dition du Salon de l\u2019Architecture et du B\u00e2timent","datePublished":"2025-04-09T21:33:59+00:00","dateModified":"2025-04-13T21:36:52+00:00","mainEntityOfPage":{"@id":"https:\/\/immobilierivoirien.com\/index.php\/2025\/04\/09\/archibat-2025-le-ministre-bruno-kone-lance-la-10e-edition-du-salon-de-larchitecture-et-du-batiment\/"},"wordCount":443,"commentCount":0,"publisher":{"@id":"https:\/\/immobilierivoirien.com\/#organization"},"image":{"@id":"https:\/\/immobilierivoirien.com\/index.php\/2025\/04\/09\/archibat-2025-le-ministre-bruno-kone-lance-la-10e-edition-du-salon-de-larchitecture-et-du-batiment\/#primaryimage"},"thumbnailUrl":"https:\/\/immobilierivoirien.com\/wp-content\/uploads\/2025\/04\/ARCHIBAT-2025.webp","keywords":["Immobilier Ivoirien","minist\u00e8re de la construction","slide","urbanisme"],"articleSection":["Actualit\u00e9","Construction","Urbanisme"],"inLanguage":"fr-FR","potentialAction":[{"@type":"CommentAction","name":"Comment","target":["https:\/\/immobilierivoirien.com\/index.php\/2025\/04\/09\/archibat-2025-le-ministre-bruno-kone-lance-la-10e-edition-du-salon-de-larchitecture-et-du-batiment\/#respond"]}]},{"@type":"WebPage","@id":"https:\/\/immobilierivoirien.com\/index.php\/2025\/04\/09\/archibat-2025-le-ministre-bruno-kone-lance-la-10e-edition-du-salon-de-larchitecture-et-du-batiment\/","url":"https:\/\/immobilierivoirien.com\/index.php\/2025\/04\/09\/archibat-2025-le-ministre-bruno-kone-lance-la-10e-edition-du-salon-de-larchitecture-et-du-batiment\/","name":"ARCHIBAT 2025 : Le Ministre Bruno KON\u00c9 lance la 10e \u00e9dition du Salon de l\u2019Architecture et du B\u00e2timent - Immobilier Ivoirien","isPartOf":{"@id":"https:\/\/immobilierivoirien.com\/#website"},"primaryImageOfPage":{"@id":"https:\/\/immobilierivoirien.com\/index.php\/2025\/04\/09\/archibat-2025-le-ministre-bruno-kone-lance-la-10e-edition-du-salon-de-larchitecture-et-du-batiment\/#primaryimage"},"image":{"@id":"https:\/\/immobilierivoirien.com\/index.php\/2025\/04\/09\/archibat-2025-le-ministre-bruno-kone-lance-la-10e-edition-du-salon-de-larchitecture-et-du-batiment\/#primaryimage"},"thumbnailUrl":"https:\/\/immobilierivoirien.com\/wp-content\/uploads\/2025\/04\/ARCHIBAT-2025.webp","datePublished":"2025-04-09T21:33:59+00:00","dateModified":"2025-04-13T21:36:52+00:00","breadcrumb":{"@id":"https:\/\/immobilierivoirien.com\/index.php\/2025\/04\/09\/archibat-2025-le-ministre-bruno-kone-lance-la-10e-edition-du-salon-de-larchitecture-et-du-batiment\/#breadcrumb"},"inLanguage":"fr-FR","potentialAction":[{"@type":"ReadAction","target":["https:\/\/immobilierivoirien.com\/index.php\/2025\/04\/09\/archibat-2025-le-ministre-bruno-kone-lance-la-10e-edition-du-salon-de-larchitecture-et-du-batiment\/"]}]},{"@type":"ImageObject","inLanguage":"fr-FR","@id":"https:\/\/immobilierivoirien.com\/index.php\/2025\/04\/09\/archibat-2025-le-ministre-bruno-kone-lance-la-10e-edition-du-salon-de-larchitecture-et-du-batiment\/#primaryimage","url":"https:\/\/immobilierivoirien.com\/wp-content\/uploads\/2025\/04\/ARCHIBAT-2025.webp","contentUrl":"https:\/\/immobilierivoirien.com\/wp-content\/uploads\/2025\/04\/ARCHIBAT-2025.webp","width":1600,"height":1066},{"@type":"BreadcrumbList","@id":"https:\/\/immobilierivoirien.com\/index.php\/2025\/04\/09\/archibat-2025-le-ministre-bruno-kone-lance-la-10e-edition-du-salon-de-larchitecture-et-du-batiment\/#breadcrumb","itemListElement":[{"@type":"ListItem","position":1,"name":"Accueil","item":"https:\/\/immobilierivoirien.com\/"},{"@type":"ListItem","position":2,"name":"ARCHIBAT 2025 : Le Ministre Bruno KON\u00c9 lance la 10e \u00e9dition du Salon de l\u2019Architecture et du B\u00e2timent"}]},{"@type":"WebSite","@id":"https:\/\/immobilierivoirien.com\/#website","url":"https:\/\/immobilierivoirien.com\/","name":"Immobilier Ivoirien","description":"Tout sur l&#039;immobilier en C\u00f4te d&#039;Ivoire","publisher":{"@id":"https:\/\/immobilierivoirien.com\/#organization"},"potentialAction":[{"@type":"SearchAction","target":{"@type":"EntryPoint","urlTemplate":"https:\/\/immobilierivoirien.com\/?s={search_term_string}"},"query-input":{"@type":"PropertyValueSpecification","valueRequired":true,"valueName":"search_term_string"}}],"inLanguage":"fr-FR"},{"@type":"Organization","@id":"https:\/\/immobilierivoirien.com\/#organization","name":"Immobilier Ivoirien","url":"https:\/\/immobilierivoirien.com\/","logo":{"@type":"ImageObject","inLanguage":"fr-FR","@id":"https:\/\/immobilierivoirien.com\/#\/schema\/logo\/image\/","url":"https:\/\/immobilierivoirien.com\/wp-content\/uploads\/2023\/07\/cropped-cropped-ARR1.png","contentUrl":"https:\/\/immobilierivoirien.com\/wp-content\/uploads\/2023\/07\/cropped-cropped-ARR1.png","width":512,"height":512,"caption":"Immobilier Ivoirien"},"image":{"@id":"https:\/\/immobilierivoirien.com\/#\/schema\/logo\/image\/"}},{"@type":"Person","@id":"https:\/\/immobilierivoirien.com\/#\/schema\/person\/7513221f9a0627127c494440d8a976e5","name":"admin","image":{"@type":"ImageObject","inLanguage":"fr-FR","@id":"https:\/\/immobilierivoirien.com\/#\/schema\/person\/image\/","url":"https:\/\/secure.gravatar.com\/avatar\/fc549fb608910b51930168296b73309cddd85b9fb88501c3cc71f0797894f212?s=96&d=mm&r=g","contentUrl":"https:\/\/secure.gravatar.com\/avatar\/fc549fb608910b51930168296b73309cddd85b9fb88501c3cc71f0797894f212?s=96&d=mm&r=g","caption":"admin"},"sameAs":["https:\/\/immobilierivoirien.com"],"url":"https:\/\/immobilierivoirien.com\/index.php\/author\/immoivoirien\/"}]}},"jetpack_featured_media_url":"https:\/\/immobilierivoirien.com\/wp-content\/uploads\/2025\/04\/ARCHIBAT-2025.webp","jetpack_sharing_enabled":true,"_links":{"self":[{"href":"https:\/\/immobilierivoirien.com\/index.php\/wp-json\/wp\/v2\/posts\/1781","targetHints":{"allow":["GET"]}}],"collection":[{"href":"https:\/\/immobilierivoirien.com\/index.php\/wp-json\/wp\/v2\/posts"}],"about":[{"href":"https:\/\/immobilierivoirien.com\/index.php\/wp-json\/wp\/v2\/types\/post"}],"author":[{"embeddable":true,"href":"https:\/\/immobilierivoirien.com\/index.php\/wp-json\/wp\/v2\/users\/1"}],"replies":[{"embeddable":true,"href":"https:\/\/immobilierivoirien.com\/index.php\/wp-json\/wp\/v2\/comments?post=1781"}],"version-history":[{"count":1,"href":"https:\/\/immobilierivoirien.com\/index.php\/wp-json\/wp\/v2\/posts\/1781\/revisions"}],"predecessor-version":[{"id":1783,"href":"https:\/\/immobilierivoirien.com\/index.php\/wp-json\/wp\/v2\/posts\/1781\/revisions\/1783"}],"wp:featuredmedia":[{"embeddable":true,"href":"https:\/\/immobilierivoirien.com\/index.php\/wp-json\/wp\/v2\/media\/1782"}],"wp:attachment":[{"href":"https:\/\/immobilierivoirien.com\/index.php\/wp-json\/wp\/v2\/media?parent=1781"}],"wp:term":[{"taxonomy":"category","embeddable":true,"href":"https:\/\/immobilierivoirien.com\/index.php\/wp-json\/wp\/v2\/categories?post=1781"},{"taxonomy":"post_tag","embeddable":true,"href":"https:\/\/immobilierivoirien.com\/index.php\/wp-json\/wp\/v2\/tags?post=1781"}],"curies":[{"name":"wp","href":"https:\/\/api.w.org\/{rel}","templated":true}]}}